{"id":14563,"date":"2017-07-21T11:25:51","date_gmt":"2017-07-21T14:25:51","guid":{"rendered":"http:\/\/actualidadadiario.com\/site\/?p=14563"},"modified":"2017-07-21T11:25:51","modified_gmt":"2017-07-21T14:25:51","slug":"alfonsin-dice-que-defiende-la-constitucion-y-no-a-de-vido","status":"publish","type":"post","link":"https:\/\/www.actualidadadiario.com\/index.php\/2017\/07\/21\/alfonsin-dice-que-defiende-la-constitucion-y-no-a-de-vido\/","title":{"rendered":"Alfons\u00edn dice que defiende la Constituci\u00f3n y no a De Vido"},"content":{"rendered":"<p><em><strong>El diputado radical advirti\u00f3 que &#8220;hay ciertos medios que quieren tergiversar&#8221; su postura. &#8220;Hay que controlar a los funcionarios corruptos modificando el Consejo de la Magistratura&#8221;, afirm\u00f3<\/strong><\/em><\/p>\n<p>&nbsp;<\/p>\n<p>&nbsp;<\/p>\n<p>&nbsp;<\/p>\n<p>&nbsp;<\/p>\n<p>El diputado radical Ricardo Alfons\u00edn volvi\u00f3 a pronunciarse este jueves a favor de la separaci\u00f3n de la C\u00e1mara Baja de Julio De Vido, aunque se\u00f1al\u00f3 que no debe hacerse por &#8220;inhabilidad f\u00edsica o moral&#8221; de acuerdo con lo que marca el art\u00edculo 66 de la Constituci\u00f3n Nacional.<\/p>\n<p>&nbsp;<\/p>\n<p>&#8220;Hay ciertos medios que quieren tergiversar mi postura. Yo defiendo la Constituci\u00f3n Nacional, no a De Vido. Hay que controlar a los funcionarios corruptos modificando el Consejo de la Magistratura&#8221;, afirm\u00f3 Alfons\u00edn.<\/p>\n<p>&nbsp;<\/p>\n<p>En declaraciones a la radio AM 950 Belgrano, el diputado se\u00f1al\u00f3: &#8220;mientras no me demuestren lo contrario no creo que se aplique el art\u00edculo 66&#8221;.<\/p>\n<p>&nbsp;<\/p>\n<p>&#8220;Yo hubiera pedido la renuncia de De Vido, dej\u00e1ndolo a disposici\u00f3n absoluta de la Justicia.La exclusi\u00f3n prevista en el art\u00edculo 66 exige ciertas condiciones para ser aplicables que tengo dudas que se den en este caso. En cambio, s\u00ed se cumplen con el art\u00edculo 70&#8221; de la carta magna, expres\u00f3.<\/p>\n<p>&nbsp;<\/p>\n<p>Adem\u00e1s, destac\u00f3: &#8220;mi partido delibera, razona y cambia opiniones&#8221; y advirti\u00f3: &#8220;Yo respeto la opini\u00f3n p\u00fablica pero tambi\u00e9n respeto mi consciencia.&#8221;<\/p>\n","protected":false},"excerpt":{"rendered":"<p>El diputado radical advirti\u00f3 que &#8220;hay ciertos medios que quieren tergiversar&#8221; su postura. &#8220;Hay que controlar a los funcionarios corruptos modificando el Consejo de la Magistratura&#8221;, afirm\u00f3 &nbsp; &nbsp; &nbsp; &nbsp; El diputado radical Ricardo Alfons\u00edn volvi\u00f3 a pronunciarse este jueves a favor de la separaci\u00f3n de la C\u00e1mara Baja de Julio De Vido, aunque se\u00f1al\u00f3 que no debe hacerse por &#8220;inhabilidad f\u00edsica o moral&#8221; de acuerdo con lo que marca el art\u00edculo 66 de la Constituci\u00f3n Nacional. &nbsp; &#8220;Hay ciertos medios que quieren tergiversar mi postura. Yo defiendo la&#8230;<\/p>\n","protected":false},"author":3,"featured_media":14564,"comment_status":"closed","ping_status":"closed","sticky":false,"template":"","format":"standard","meta":[],"categories":[18],"tags":[],"_links":{"self":[{"href":"https:\/\/www.actualidadadiario.com\/index.php\/wp-json\/wp\/v2\/posts\/14563"}],"collection":[{"href":"https:\/\/www.actualidadadiario.com\/index.php\/wp-json\/wp\/v2\/posts"}],"about":[{"href":"https:\/\/www.actualidadadiario.com\/index.php\/wp-json\/wp\/v2\/types\/post"}],"author":[{"embeddable":true,"href":"https:\/\/www.actualidadadiario.com\/index.php\/wp-json\/wp\/v2\/users\/3"}],"replies":[{"embeddable":true,"href":"https:\/\/www.actualidadadiario.com\/index.php\/wp-json\/wp\/v2\/comments?post=14563"}],"version-history":[{"count":1,"href":"https:\/\/www.actualidadadiario.com\/index.php\/wp-json\/wp\/v2\/posts\/14563\/revisions"}],"predecessor-version":[{"id":14565,"href":"https:\/\/www.actualidadadiario.com\/index.php\/wp-json\/wp\/v2\/posts\/14563\/revisions\/14565"}],"wp:featuredmedia":[{"embeddable":true,"href":"https:\/\/www.actualidadadiario.com\/index.php\/wp-json\/wp\/v2\/media\/14564"}],"wp:attachment":[{"href":"https:\/\/www.actualidadadiario.com\/index.php\/wp-json\/wp\/v2\/media?parent=14563"}],"wp:term":[{"taxonomy":"category","embeddable":true,"href":"https:\/\/www.actualidadadiario.com\/index.php\/wp-json\/wp\/v2\/categories?post=14563"},{"taxonomy":"post_tag","embeddable":true,"href":"https:\/\/www.actualidadadiario.com\/index.php\/wp-json\/wp\/v2\/tags?post=14563"}],"curies":[{"name":"wp","href":"https:\/\/api.w.org\/{rel}","templated":true}]}}