{"id":14551,"date":"2017-07-21T11:21:52","date_gmt":"2017-07-21T14:21:52","guid":{"rendered":"http:\/\/actualidadadiario.com\/site\/?p=14551"},"modified":"2017-07-21T11:21:52","modified_gmt":"2017-07-21T14:21:52","slug":"mercosur-dujovne-defendio-el-aumento-de-la-deuda-externa","status":"publish","type":"post","link":"https:\/\/www.actualidadadiario.com\/index.php\/2017\/07\/21\/mercosur-dujovne-defendio-el-aumento-de-la-deuda-externa\/","title":{"rendered":"Mercosur: Dujovne defendi\u00f3 el aumento de la deuda externa"},"content":{"rendered":"<p><em><strong>El ministro de Hacienda dijo que la suba del pasivo estatal es &#8220;transitoria&#8221;, hasta que pueda hacer disminuir el d\u00e9ficit fiscal<\/strong><\/em><\/p>\n<p>&nbsp;<\/p>\n<p>&nbsp;<\/p>\n<p>&nbsp;<\/p>\n<p>&nbsp;<\/p>\n<p>El ministro de Hacienda, Nicol\u00e1s Dujovne, defendi\u00f3 el mayor endeudamiento estatal en el exterior. Asegur\u00f3 que la medida es \u201ctransitoria\u201d, pero que continuar\u00e1 hasta que el Gobierno no \u201clogre cerrar la brecha fiscal\u201d.<\/p>\n<p>&nbsp;<\/p>\n<p>\u201cHemos dejado de saquear al Banco Central. Ya no les retiramos dinero a cambio de papelitos de colores, y porque hemos dejado de emitir pesos, nos cubrimos transitoriamente con endeudamiento\u201d, coment\u00f3 en la cumbre del Mercosur en Mendoza, de acuerdo a El Cronista.<\/p>\n<p>&nbsp;<\/p>\n<p>\u201cEste es un proceso transitorio hasta que cerremos nuestra brecha fiscal. Es un compromiso irrenunciable contra la inflaci\u00f3n, el peor impuesto que tiene la Argentina y que afecta a los que menos tienen\u201d, afirm\u00f3 el ministro.<\/p>\n<p>&nbsp;<\/p>\n<p>Dujovne tambi\u00e9n le rest\u00f3 importancia a la devaluaci\u00f3n de las \u00faltimas semanas. \u201cEl tipo de cambio flota, y como ocurre en los pa\u00edses que tienen esta pol\u00edtica monetaria. No vemos ning\u00fan tipo de tema relevante con las modificaciones del d\u00f3lar\u201d, asegur\u00f3.<\/p>\n","protected":false},"excerpt":{"rendered":"<p>El ministro de Hacienda dijo que la suba del pasivo estatal es &#8220;transitoria&#8221;, hasta que pueda hacer disminuir el d\u00e9ficit fiscal &nbsp; &nbsp; &nbsp; &nbsp; El ministro de Hacienda, Nicol\u00e1s Dujovne, defendi\u00f3 el mayor endeudamiento estatal en el exterior. Asegur\u00f3 que la medida es \u201ctransitoria\u201d, pero que continuar\u00e1 hasta que el Gobierno no \u201clogre cerrar la brecha fiscal\u201d. &nbsp; \u201cHemos dejado de saquear al Banco Central. Ya no les retiramos dinero a cambio de papelitos de colores, y porque hemos dejado de emitir pesos, nos cubrimos transitoriamente con endeudamiento\u201d, coment\u00f3&#8230;<\/p>\n","protected":false},"author":3,"featured_media":14552,"comment_status":"closed","ping_status":"closed","sticky":false,"template":"","format":"standard","meta":[],"categories":[2],"tags":[],"_links":{"self":[{"href":"https:\/\/www.actualidadadiario.com\/index.php\/wp-json\/wp\/v2\/posts\/14551"}],"collection":[{"href":"https:\/\/www.actualidadadiario.com\/index.php\/wp-json\/wp\/v2\/posts"}],"about":[{"href":"https:\/\/www.actualidadadiario.com\/index.php\/wp-json\/wp\/v2\/types\/post"}],"author":[{"embeddable":true,"href":"https:\/\/www.actualidadadiario.com\/index.php\/wp-json\/wp\/v2\/users\/3"}],"replies":[{"embeddable":true,"href":"https:\/\/www.actualidadadiario.com\/index.php\/wp-json\/wp\/v2\/comments?post=14551"}],"version-history":[{"count":1,"href":"https:\/\/www.actualidadadiario.com\/index.php\/wp-json\/wp\/v2\/posts\/14551\/revisions"}],"predecessor-version":[{"id":14553,"href":"https:\/\/www.actualidadadiario.com\/index.php\/wp-json\/wp\/v2\/posts\/14551\/revisions\/14553"}],"wp:featuredmedia":[{"embeddable":true,"href":"https:\/\/www.actualidadadiario.com\/index.php\/wp-json\/wp\/v2\/media\/14552"}],"wp:attachment":[{"href":"https:\/\/www.actualidadadiario.com\/index.php\/wp-json\/wp\/v2\/media?parent=14551"}],"wp:term":[{"taxonomy":"category","embeddable":true,"href":"https:\/\/www.actualidadadiario.com\/index.php\/wp-json\/wp\/v2\/categories?post=14551"},{"taxonomy":"post_tag","embeddable":true,"href":"https:\/\/www.actualidadadiario.com\/index.php\/wp-json\/wp\/v2\/tags?post=14551"}],"curies":[{"name":"wp","href":"https:\/\/api.w.org\/{rel}","templated":true}]}}