{"id":14536,"date":"2017-07-21T11:14:17","date_gmt":"2017-07-21T14:14:17","guid":{"rendered":"http:\/\/actualidadadiario.com\/site\/?p=14536"},"modified":"2017-07-21T11:14:17","modified_gmt":"2017-07-21T14:14:17","slug":"caceres-recibio-a-los-candidatos-y-homenajeo-a-urribarri","status":"publish","type":"post","link":"https:\/\/www.actualidadadiario.com\/index.php\/2017\/07\/21\/caceres-recibio-a-los-candidatos-y-homenajeo-a-urribarri\/","title":{"rendered":"C\u00e1ceres recibi\u00f3 a los candidatos y homenaje\u00f3 a Urribarri"},"content":{"rendered":"<p><em><strong>En un acto se cuestion\u00f3 la administraci\u00f3n nacional y a los medios de comunicaci\u00f3n. Hubo integrantes de clubes y vecinales. El ex gobernador llam\u00f3 a \u201cdefender el gobierno de Bordet\u201d<\/strong><\/em><\/p>\n<p>&nbsp;<\/p>\n<p>&nbsp;<\/p>\n<p>&nbsp;<\/p>\n<p>Los candidatos de la Lista 2 \u201cSomos Entre R\u00edos\u201d estuvieron en un acto que organiz\u00f3 la Corriente Renacer Peronista, que conduce el ex vicegobernador. La jornada fue, en el Club Paran\u00e1.<\/p>\n<p>&nbsp;<\/p>\n<p>En el plenario militante de Renacer Peronista se destac\u00f3 el perfil militante y social de la agrupaci\u00f3n, cuyos integrantes integran, adem\u00e1s de distintos espacios pol\u00edticos, gubernamentales y partidarios, distintas organizaciones sociales y comunitarias de la ciudad de Paran\u00e1. En el acto hicieron uso de la palabra militantes pol\u00edticos y sociales de distintas organizaciones comunitarias.<\/p>\n<p>&nbsp;<\/p>\n<p>La bienvenida fue realizada por integrantes de la Comisi\u00f3n Directiva del Club, quienes a trav\u00e9s del vicepresidente C\u00e9sar Fontana le entregaron un presente a Sergio Urribarri por \u201cel apoyo a los clubes realizados durante sus gestiones\u201d y, enseguida se subray\u00f3 que \u201cdichas pol\u00edticas son continuadas por el actual gobernador Gustavo Bordet\u201d.<\/p>\n<p>&nbsp;<\/p>\n<p>Luego se expresaron ordenadamente un militante de la Juventud Renacer Peronista, una presidenta de Comisi\u00f3n Vecinal, una integrante del Centro Comunitario Solidaridad y un militante de la Comunidad Homosexual y L\u00e9sbica de Entre R\u00edos. Hubo fuertes cr\u00edticas al gobierno nacional y a los \u201cmedios de comunicaci\u00f3n hegem\u00f3nicos\u201d que est\u00e1n \u201ca favor del macrismo, negando la realidad\u201d.<\/p>\n<p>&nbsp;<\/p>\n<p>El ex vicegobernador recibi\u00f3 un segundo homenaje. Fue cuando se le agradeci\u00f3 la reconstrucci\u00f3n del Centro de Salud de Barrio Belgrano.<\/p>\n<p>&nbsp;<\/p>\n<p>Luego habl\u00f3 la candidata Mayda Cresto, quien destac\u00f3 los esfuerzos de Bordet para afrontar \u201cel contexto adverso de un gobierno nacional insensible en materia social\u201d, y resalt\u00f3 la \u201cb\u00fasqueda de consensos efectuada por el titular del PJ provincial entre los sectores mayoritarios del peronismo entrerriano\u201d.<\/p>\n<p>&nbsp;<\/p>\n<p>Al hacer uso de la palabra, Urribarri, dijo que a su lado estaba \u201cla mejor lista\u201d. Destac\u00f3 su gobierno y convoc\u00f3 a la militancia \u201ca defender el gobierno de Bordet\u201d, cuestionando duramente las pol\u00edticas del gobierno de Macri. Concluy\u00f3 asegurando que los gobiernos peronistas son atacados por sus logros y por sus conquista\u201d.<\/p>\n<p>&nbsp;<\/p>\n<p>C\u00e1ceres, por su parte, manifest\u00f3: \u201cHoy quer\u00edamos que se exprese la militancia social que integra nuestra Corriente y que siempre le pone el cuerpo a las situaciones dif\u00edciles en comunidades postergadas y hoy m\u00e1s que nunca a las cr\u00edticas situaciones que est\u00e1 generando el insensible gobierno de Macri con la Alianza Cambiemos\u201d. Y agreg\u00f3: \u201cEste gobierno nacional ha comenzado a mentir y confundir a la poblaci\u00f3n, ahora manifiestan que est\u00e1 bajando la inflaci\u00f3n, pero no aclaran que es una baja porque el pueblo no consume ya que ha ca\u00eddo su poder adquisitivo de manera estrepitosa.\u201d<\/p>\n<p>&nbsp;<\/p>\n<p>Por \u00faltimo, el ex vicegobernador convoc\u00f3 a \u201ctrabajar por esta lista de candidatos a diputados nacionales para ponerle un freno a Macri y asimismo a defender la gesti\u00f3n del compa\u00f1ero Gustavo Bordet\u201d.<\/p>\n","protected":false},"excerpt":{"rendered":"<p>En un acto se cuestion\u00f3 la administraci\u00f3n nacional y a los medios de comunicaci\u00f3n. Hubo integrantes de clubes y vecinales. El ex gobernador llam\u00f3 a \u201cdefender el gobierno de Bordet\u201d &nbsp; &nbsp; &nbsp; Los candidatos de la Lista 2 \u201cSomos Entre R\u00edos\u201d estuvieron en un acto que organiz\u00f3 la Corriente Renacer Peronista, que conduce el ex vicegobernador. La jornada fue, en el Club Paran\u00e1. &nbsp; En el plenario militante de Renacer Peronista se destac\u00f3 el perfil militante y social de la agrupaci\u00f3n, cuyos integrantes integran, adem\u00e1s de distintos espacios pol\u00edticos,&#8230;<\/p>\n","protected":false},"author":3,"featured_media":14537,"comment_status":"closed","ping_status":"closed","sticky":false,"template":"","format":"standard","meta":[],"categories":[15],"tags":[],"_links":{"self":[{"href":"https:\/\/www.actualidadadiario.com\/index.php\/wp-json\/wp\/v2\/posts\/14536"}],"collection":[{"href":"https:\/\/www.actualidadadiario.com\/index.php\/wp-json\/wp\/v2\/posts"}],"about":[{"href":"https:\/\/www.actualidadadiario.com\/index.php\/wp-json\/wp\/v2\/types\/post"}],"author":[{"embeddable":true,"href":"https:\/\/www.actualidadadiario.com\/index.php\/wp-json\/wp\/v2\/users\/3"}],"replies":[{"embeddable":true,"href":"https:\/\/www.actualidadadiario.com\/index.php\/wp-json\/wp\/v2\/comments?post=14536"}],"version-history":[{"count":1,"href":"https:\/\/www.actualidadadiario.com\/index.php\/wp-json\/wp\/v2\/posts\/14536\/revisions"}],"predecessor-version":[{"id":14538,"href":"https:\/\/www.actualidadadiario.com\/index.php\/wp-json\/wp\/v2\/posts\/14536\/revisions\/14538"}],"wp:featuredmedia":[{"embeddable":true,"href":"https:\/\/www.actualidadadiario.com\/index.php\/wp-json\/wp\/v2\/media\/14537"}],"wp:attachment":[{"href":"https:\/\/www.actualidadadiario.com\/index.php\/wp-json\/wp\/v2\/media?parent=14536"}],"wp:term":[{"taxonomy":"category","embeddable":true,"href":"https:\/\/www.actualidadadiario.com\/index.php\/wp-json\/wp\/v2\/categories?post=14536"},{"taxonomy":"post_tag","embeddable":true,"href":"https:\/\/www.actualidadadiario.com\/index.php\/wp-json\/wp\/v2\/tags?post=14536"}],"curies":[{"name":"wp","href":"https:\/\/api.w.org\/{rel}","templated":true}]}}