{"id":14533,"date":"2017-07-21T11:12:57","date_gmt":"2017-07-21T14:12:57","guid":{"rendered":"http:\/\/actualidadadiario.com\/site\/?p=14533"},"modified":"2017-07-21T11:12:57","modified_gmt":"2017-07-21T14:12:57","slug":"el-sistema-de-liquidacion-de-sueldos-no-esta-tercerizado-afirmo-bordet","status":"publish","type":"post","link":"https:\/\/www.actualidadadiario.com\/index.php\/2017\/07\/21\/el-sistema-de-liquidacion-de-sueldos-no-esta-tercerizado-afirmo-bordet\/","title":{"rendered":"&#8220;El sistema de liquidaci\u00f3n de sueldos no est\u00e1 tercerizado&#8221;, afirm\u00f3 Bordet"},"content":{"rendered":"<p><em><strong>&#8220;Cuidamos el bolsillo de nuestros trabajadores y manejamos los fondos p\u00fablicos con transparencia porque es el dinero de los entrerrianos&#8221;, remarc\u00f3 el Gobernador al aclarar que el sistema de liquidaci\u00f3n de sueldos est\u00e1 a cargo del Gobierno<\/strong><\/em><\/p>\n<p>&nbsp;<\/p>\n<p>&nbsp;<\/p>\n<p>&nbsp;<\/p>\n<p>&nbsp;<\/p>\n<p>El gobernador Gustavo Bordet afirm\u00f3 que el sistema de liquidaci\u00f3n de los sueldos de los docentes y de todos los trabajadores p\u00fablicos de la provincia est\u00e1 a cargo del gobierno. &#8220;Cuidamos el bolsillo de nuestros trabajadores y manejamos los fondos p\u00fablicos con transparencia porque es el dinero de los entrerrianos&#8221;, remarc\u00f3 el mandatario.<\/p>\n<p>&nbsp;<\/p>\n<p>Consultado este jueves en Nogoy\u00e1 por la prensa sobre los reclamos de un sector gremial docente sobre las liquidaciones de haberes y medio aguinaldo, el gobernador desminti\u00f3 que una empresa privada est\u00e9 a cargo de la liquidaci\u00f3n de haberes y puso de relieve que las \u00e1reas de gobierno que corresponden est\u00e1n a disposici\u00f3n de cada docente ante cada duda que se presente.<\/p>\n<p>&nbsp;<\/p>\n<p>&#8220;El sistema de liquidaci\u00f3n de los docentes tiene una complejidad adicional, que no tiene el resto de la administraci\u00f3n p\u00fablica, debido a los esquemas de suplencias y otras situaciones que se dan en el sector, pero de ninguna manera ello significa que nos estemos quedando con parte de sueldo de nuestros maestros&#8221;, expres\u00f3 Bordet.<\/p>\n<p>&nbsp;<\/p>\n<p>El mandatario hizo saber que el lunes el ministro de Econom\u00eda, Hugo Ballay, convoc\u00f3 a los gremios docentes para poner a disposici\u00f3n toda la informaci\u00f3n que se requiera desde el \u00e1rea de liquidaciones del gobierno.<\/p>\n<p>&nbsp;<\/p>\n<p>&#8220;Nuestro gobierno ha realizado un enorme esfuerzo para equiparar los incrementos salariales con la inflaci\u00f3n y asumi\u00f3 un compromiso que est\u00e1 cumpliendo. Hemos logrado acuerdos y los respetamos a rajatabla. Nada est\u00e1 m\u00e1s alejado de nuestra conducta que intentar perjudicar el sueldo de nuestros trabajadores&#8221;, puntualiz\u00f3.<\/p>\n","protected":false},"excerpt":{"rendered":"<p>&#8220;Cuidamos el bolsillo de nuestros trabajadores y manejamos los fondos p\u00fablicos con transparencia porque es el dinero de los entrerrianos&#8221;, remarc\u00f3 el Gobernador al aclarar que el sistema de liquidaci\u00f3n de sueldos est\u00e1 a cargo del Gobierno &nbsp; &nbsp; &nbsp; &nbsp; El gobernador Gustavo Bordet afirm\u00f3 que el sistema de liquidaci\u00f3n de los sueldos de los docentes y de todos los trabajadores p\u00fablicos de la provincia est\u00e1 a cargo del gobierno. &#8220;Cuidamos el bolsillo de nuestros trabajadores y manejamos los fondos p\u00fablicos con transparencia porque es el dinero de los&#8230;<\/p>\n","protected":false},"author":3,"featured_media":14534,"comment_status":"closed","ping_status":"closed","sticky":false,"template":"","format":"standard","meta":[],"categories":[9,15],"tags":[],"_links":{"self":[{"href":"https:\/\/www.actualidadadiario.com\/index.php\/wp-json\/wp\/v2\/posts\/14533"}],"collection":[{"href":"https:\/\/www.actualidadadiario.com\/index.php\/wp-json\/wp\/v2\/posts"}],"about":[{"href":"https:\/\/www.actualidadadiario.com\/index.php\/wp-json\/wp\/v2\/types\/post"}],"author":[{"embeddable":true,"href":"https:\/\/www.actualidadadiario.com\/index.php\/wp-json\/wp\/v2\/users\/3"}],"replies":[{"embeddable":true,"href":"https:\/\/www.actualidadadiario.com\/index.php\/wp-json\/wp\/v2\/comments?post=14533"}],"version-history":[{"count":1,"href":"https:\/\/www.actualidadadiario.com\/index.php\/wp-json\/wp\/v2\/posts\/14533\/revisions"}],"predecessor-version":[{"id":14535,"href":"https:\/\/www.actualidadadiario.com\/index.php\/wp-json\/wp\/v2\/posts\/14533\/revisions\/14535"}],"wp:featuredmedia":[{"embeddable":true,"href":"https:\/\/www.actualidadadiario.com\/index.php\/wp-json\/wp\/v2\/media\/14534"}],"wp:attachment":[{"href":"https:\/\/www.actualidadadiario.com\/index.php\/wp-json\/wp\/v2\/media?parent=14533"}],"wp:term":[{"taxonomy":"category","embeddable":true,"href":"https:\/\/www.actualidadadiario.com\/index.php\/wp-json\/wp\/v2\/categories?post=14533"},{"taxonomy":"post_tag","embeddable":true,"href":"https:\/\/www.actualidadadiario.com\/index.php\/wp-json\/wp\/v2\/tags?post=14533"}],"curies":[{"name":"wp","href":"https:\/\/api.w.org\/{rel}","templated":true}]}}