{"id":14521,"date":"2017-07-21T11:08:02","date_gmt":"2017-07-21T14:08:02","guid":{"rendered":"http:\/\/actualidadadiario.com\/site\/?p=14521"},"modified":"2017-07-21T11:08:02","modified_gmt":"2017-07-21T14:08:02","slug":"bordet-destaco-la-necesidad-de-gestionar-responsablemente-para-obtener-recursos","status":"publish","type":"post","link":"https:\/\/www.actualidadadiario.com\/index.php\/2017\/07\/21\/bordet-destaco-la-necesidad-de-gestionar-responsablemente-para-obtener-recursos\/","title":{"rendered":"Bordet destac\u00f3 la necesidad de gestionar responsablemente para obtener recursos"},"content":{"rendered":"<p><em><strong>\u201cNosotros nos hacemos eco cuando los vecinos reclaman, tomamos esos pedidos y responsablemente trabajamos para lograr el financiamiento\u201d, dijo hoy el gobernador Gustavo Bordet al anunciar el llamado a licitaci\u00f3n para el enripiado de un camino rural por 77 millones de pesos<\/strong><\/em><\/p>\n<p>&nbsp;<\/p>\n<p>&nbsp;<\/p>\n<p>&nbsp;<\/p>\n<p>&nbsp;<\/p>\n<p>El gobernador de la provincia, Gustavo Bordet, junto al intendente de Nogoy\u00e1, Rafael Cavagna, dej\u00f3 inaugurado el Simposio de Esculturas Itinerante, visit\u00f3 la Bas\u00edlica Nuestra Se\u00f1ora del Carmen y recorri\u00f3 la empresa l\u00e1ctea La Sibila.<\/p>\n<p>&nbsp;<\/p>\n<p>Junto al gobernador, estuvieron la diputada nacional Carolina Gaillard; los diputados provinciales Juan Jos\u00e9 Bahillo y Daniel Koch, y el senador Beltr\u00e1n Lora. Tambi\u00e9n participaron el ministro de Producci\u00f3n, Carlos Schepens; la directora de Instituto Aut\u00e1rquico Becario Provincial, Mayda Cresto; y el secretario de Cultura, Faustino Schiavoni, entre otras autoridades.<\/p>\n<p>&nbsp;<\/p>\n<p>\u201cVenimos a Nogoy\u00e1 para continuar trabajando en una agenda com\u00fan que nos hemos trazado, renovamos el compromiso de trabajo y tambi\u00e9n marcamos qu\u00e9 aspectos vinculados con la gesti\u00f3n desarrollaremos a futuro\u201d, dijo Bordet y destac\u00f3 la importancia de las actividades realizadas.<\/p>\n<p>&nbsp;<\/p>\n<p>Expres\u00f3 que junto al municipio se contin\u00faa trabajando en diferentes temas para esa ciudad, como las obras de ampliaci\u00f3n de la red de gas natural, el desarrollo del parque industrial y la defensa costera, con apoyo de la Naci\u00f3n, entre otras.<\/p>\n<p>&nbsp;<\/p>\n<p>\u201cHemos dispuesto el llamado a licitaci\u00f3n para el enripiado de 8 kil\u00f3metros a la escuela Santa Mar\u00eda, en el distrito Chiqueros del departamento Nogoy\u00e1. Es una obra importante que nos va a insumir 77 millones de pesos y entendemos que es sumamente necesaria para los productores y tambi\u00e9n para los chicos que van a estudiar\u201d.<\/p>\n<p>&nbsp;<\/p>\n<p>En relaci\u00f3n al simposio de escultores el gobernador dijo que, \u201cm\u00e1s all\u00e1 de lo que significa desde el aspecto cultural, es importante para el patrimonio porque las obras quedan en la ciudad para poder ser disfrutadas por todos los vecinos\u201d.<\/p>\n<p>&nbsp;<\/p>\n<p>Este encuentro es el segundo que se concreta en la provincia, el primero fue el a\u00f1o pasado en Segu\u00ed, y se desarrollar\u00e1 durante 10 d\u00edas. En este per\u00edodo escultores de diferentes lugares del pa\u00eds y el extranjero moldear\u00e1n sus obras ante la presencia de los visitantes que pueden acceder el encuentro de manera libre y gratuita. Las obras realizadas quedar\u00e1n en la ciudad y formar\u00e1n parte del patrimonio cultural del lugar y ser\u00e1n emplazadas donde lo determine el municipio.<\/p>\n<p>&nbsp;<\/p>\n<p>&nbsp;<\/p>\n<p><strong>Aporte<\/strong><\/p>\n<p>En su vista, el gobernador entreg\u00f3 tambi\u00e9n un aporte para las obras en la escuela N\u00ba 103, Convenci\u00f3n Nacional Constituyente. Los trabajos comprenden la remodelaci\u00f3n de la escuela primaria de modalidad Nina y la construcci\u00f3n del nuevo edificio para la escuela secundaria. En total concurren 380 alumnos en ambos niveles que actualmente funcionan en el mismo espacio.<\/p>\n<p>&nbsp;<\/p>\n<p>&nbsp;<\/p>\n<p><strong>Recorridas<\/strong><\/p>\n<p>Por otro lado, Bordet recorri\u00f3 la empresa La Sibila, industria de leche en polvo que tiene capacidad para procesar 1.200.000 litros de leche fluida por d\u00eda. Genera productos infantiles utilizando 500.000 litros diarios de leche que exporta a China, el principal mercado, y tambi\u00e9n a Paraguay. La marca principal de la firma es Pur\u00edsima. \u201cLa Sibila es una empresa que en Entre R\u00edos genera desarrollo, volumen econ\u00f3mico y empleo en la ciudad de Nogoy\u00e1\u201d, indic\u00f3 Bordet tras la recorrida por la f\u00e1brica junto al gerente general Rodrigo Cochet, y otras autoridades.<\/p>\n<p>&nbsp;<\/p>\n<p>En tanto, en la visita a la bas\u00edlica, junto al vicario, el mandatario tom\u00f3 contacto con el Consejo Parroquial quienes le solicitaron apoyo de gobierno para restaurar el edificio que es patrimonio arquitect\u00f3nico nacional. Fundamentalmente se requiere la restauraci\u00f3n de los frescos realizado por el pintor italiano Libero Pierini en el a\u00f1o 1941. El gobierno ya hab\u00eda realizado un aporte para la restauraci\u00f3n de las cubiertas del techo.<\/p>\n<p>&nbsp;<\/p>\n<p>&nbsp;<\/p>\n<p><strong>Trabajo conjunto<\/strong><\/p>\n<p>El intendente Cavagna, en tanto, destac\u00f3 el trabajo conjunto que realiza con el gobierno provincial y agradeci\u00f3 el apoyo recibido. \u201cTenemos una muy buena relaci\u00f3n con el gobernador y estamos trabajando juntos. Ese es el camino que nos hemos propuesto al iniciar la gesti\u00f3n y el compromiso es seguir con la misma fortaleza e intensidad que tienen nuestras relaciones hasta el final de la gesti\u00f3n\u201d, indic\u00f3 Cavagna.<\/p>\n<p>&nbsp;<\/p>\n<p>Destac\u00f3 asimismo la importancia del simposio internacional que se realiza en su ciudad y apunt\u00f3: \u201cPara nosotros desde lo cultural es muy importante y habr\u00e1 obras que quedar\u00e1n en la ciudad para jerarquizar el patrimonio cultural. As\u00ed que estamos agradecidos y destacamos el trabajo mancomunado que realizamos para llegar hoy a la inauguraci\u00f3n de este simposio que estar\u00e1 funcionando durante 10 d\u00edas en el polideportivo, que es totalmente inclusivo, gratuito y que brinda una posibilidad in\u00e9dita que tendremos en nuestra ciudad de ver en vivo y en directo c\u00f3mo trabajan los escultores\u201d.<\/p>\n<p>&nbsp;<\/p>\n<p>&nbsp;<\/p>\n<p><strong>Detalles del simposio<\/strong><\/p>\n<p>El II Simposio Internacional de Escultura cuenta con el apoyo del gobierno provincial y financiamiento del Consejo Federal de Inversiones (CFI). El objetivo es enriquecer el patrimonio cultural de las ciudades donde se realice, adem\u00e1s de mostrar al p\u00fablico el trabajo en vivo de los escultores en sus respectivos stands.<\/p>\n<p>&nbsp;<\/p>\n<p>A este evento se invitan escultores del pa\u00eds, Am\u00e9rica Latina, Estados Unidos y Europa y permite extender las posibilidades de los artistas de exponer en otros lugares gracias a la reciprocidad que estas actividades generan.<\/p>\n<p>&nbsp;<\/p>\n<p>Oscar St\u00e1ffora, escultor de la ciudad de Quilmes, Buenos Aries, que trabaja con hierro y madera desde hace 40 a\u00f1os, y que ha logrado reconocimientos nacionales e internacionales, destac\u00f3 la importancia del encuentro cultural.<\/p>\n<p>&nbsp;<\/p>\n<p>\u201cUn simposio para una ciudad como Nogoy\u00e1 es un crecimiento muy importante. Yo hablaba con el gobernador y les dije que es muy positivo y significativo que se realice este encuentro. La inversi\u00f3n en cultura, como es el caso de este simposio, es inversi\u00f3n y no un gasto como lo entienden algunos pol\u00edticos\u201d, dijo el escultor bonaerense.<\/p>\n","protected":false},"excerpt":{"rendered":"<p>\u201cNosotros nos hacemos eco cuando los vecinos reclaman, tomamos esos pedidos y responsablemente trabajamos para lograr el financiamiento\u201d, dijo hoy el gobernador Gustavo Bordet al anunciar el llamado a licitaci\u00f3n para el enripiado de un camino rural por 77 millones de pesos &nbsp; &nbsp; &nbsp; &nbsp; El gobernador de la provincia, Gustavo Bordet, junto al intendente de Nogoy\u00e1, Rafael Cavagna, dej\u00f3 inaugurado el Simposio de Esculturas Itinerante, visit\u00f3 la Bas\u00edlica Nuestra Se\u00f1ora del Carmen y recorri\u00f3 la empresa l\u00e1ctea La Sibila. &nbsp; Junto al gobernador, estuvieron la diputada nacional Carolina&#8230;<\/p>\n","protected":false},"author":3,"featured_media":14522,"comment_status":"closed","ping_status":"closed","sticky":false,"template":"","format":"standard","meta":[],"categories":[15],"tags":[],"_links":{"self":[{"href":"https:\/\/www.actualidadadiario.com\/index.php\/wp-json\/wp\/v2\/posts\/14521"}],"collection":[{"href":"https:\/\/www.actualidadadiario.com\/index.php\/wp-json\/wp\/v2\/posts"}],"about":[{"href":"https:\/\/www.actualidadadiario.com\/index.php\/wp-json\/wp\/v2\/types\/post"}],"author":[{"embeddable":true,"href":"https:\/\/www.actualidadadiario.com\/index.php\/wp-json\/wp\/v2\/users\/3"}],"replies":[{"embeddable":true,"href":"https:\/\/www.actualidadadiario.com\/index.php\/wp-json\/wp\/v2\/comments?post=14521"}],"version-history":[{"count":1,"href":"https:\/\/www.actualidadadiario.com\/index.php\/wp-json\/wp\/v2\/posts\/14521\/revisions"}],"predecessor-version":[{"id":14523,"href":"https:\/\/www.actualidadadiario.com\/index.php\/wp-json\/wp\/v2\/posts\/14521\/revisions\/14523"}],"wp:featuredmedia":[{"embeddable":true,"href":"https:\/\/www.actualidadadiario.com\/index.php\/wp-json\/wp\/v2\/media\/14522"}],"wp:attachment":[{"href":"https:\/\/www.actualidadadiario.com\/index.php\/wp-json\/wp\/v2\/media?parent=14521"}],"wp:term":[{"taxonomy":"category","embeddable":true,"href":"https:\/\/www.actualidadadiario.com\/index.php\/wp-json\/wp\/v2\/categories?post=14521"},{"taxonomy":"post_tag","embeddable":true,"href":"https:\/\/www.actualidadadiario.com\/index.php\/wp-json\/wp\/v2\/tags?post=14521"}],"curies":[{"name":"wp","href":"https:\/\/api.w.org\/{rel}","templated":true}]}}