{"id":14515,"date":"2017-07-20T12:05:27","date_gmt":"2017-07-20T15:05:27","guid":{"rendered":"http:\/\/actualidadadiario.com\/site\/?p=14515"},"modified":"2017-07-20T12:05:27","modified_gmt":"2017-07-20T15:05:27","slug":"sergio-urribarri-sumo-apoyo-a-la-lista-2-del-pj","status":"publish","type":"post","link":"https:\/\/www.actualidadadiario.com\/index.php\/2017\/07\/20\/sergio-urribarri-sumo-apoyo-a-la-lista-2-del-pj\/","title":{"rendered":"Sergio Urribarri sum\u00f3 apoyo a la Lista 2 del PJ"},"content":{"rendered":"<p><em><strong>Invitado a la reuni\u00f3n con candidatos de la LIsta 2 del peronismo entrerriano, Sergio Urribarri manifest\u00f3 \u201cuna alegr\u00eda enorme por haber compartido con todas las personas all\u00ed presentes, junto a Juanjo Bah\u00edllo, Claudia Gieco, Caro Gaillard y Mayda Cresto\u201d en una clara manifestaci\u00f3n de su apoyo a la lista propuesta por el gobernador Bordet<\/strong><\/em><\/p>\n<p>&nbsp;<\/p>\n<p>&nbsp;<\/p>\n<p>&nbsp;<\/p>\n<p>&nbsp;<\/p>\n<p>&nbsp;<\/p>\n<p>&nbsp;<\/p>\n<p>Siguiendo la l\u00ednea de mostrar los problemas actuales desde personas con nombre y apellido, como lo propuso la ex presidenta Cristina Fernandez de Kirchner en el acto se manifestaron \u201chombres y mujeres representando a distintos sectores, que se han visto enormemente perjudicados por las pol\u00edticas sociales y econ\u00f3micas que d\u00eda tras d\u00eda aplica el gobierno nacional. Representantes de cooperativas, de micro-emprendimientos y de diferentes sectores pudieron contar en sus propias palabras, c\u00f3mo esas pol\u00edticas han afectado sus vidas, las de sus familias y de diferentes grupos sociales\u201d explicit\u00f3 el actual presidente de Diputados.<\/p>\n<p>&nbsp;<\/p>\n<p>Al hacer uso de lqa palabra se refiri\u00f3 al encuentro \u201cque mantuve la semana pasada con Cristina Fernandez de Kirchner. Primeramente, tal como le hab\u00eda prometido, le entregu\u00e9 su ejemplar del libro &#8220;El Pueblo Manda&#8221;; luego pudimos charlar durante casi dos horas. La compa\u00f1era me pregunt\u00f3 por la realidad de nuestra provincia. Imposible contarle la realidad de Entre R\u00edos sin tener en cuenta tambi\u00e9n todo lo que pasa en el resto pa\u00eds y c\u00f3mo las medidas de gobierno nacional est\u00e1n causando los mismos estragos que en toda la Argentina. Se interes\u00f3 particularmente por las econom\u00edas regionales, que avanzaron exponencialmente durante nuestra gesti\u00f3n, logrando incluso abrirse a nuevos mercados mundiales y que hoy est\u00e1n siendo devastadas por la &#8220;timba financiera&#8221; que aplica el gobierno nacional\u201d apunt\u00f3 Urribarri.<\/p>\n<p>&nbsp;<\/p>\n<p>En su p\u00e1gina de Facebook Se refiri\u00f3 al acontecimiento se\u00f1alando que \u201cpudimos recordar en esa charla: los programas de cobertura social m\u00e1s importantes de Latinoam\u00e9rica, los convenios colectivos de trabajo, las pol\u00edticas educativas, el desarrollo econ\u00f3mico, el fortalecimiento de la industria nacional y las inversiones en ciencia y tecnolog\u00eda. Arsat represent\u00f3 para los argentinos el orgullo y la emoci\u00f3n de haber entrado al selecto grupo de 8 pa\u00edses que fabricaban sat\u00e9lites. Hoy estamos viviendo la contracara: Arsat a punto de ser privatizada, perdiendo as\u00ed, no s\u00f3lo los puestos de trabajo, sino tambi\u00e9n independencia, soberan\u00eda y futuro\u201d.<\/p>\n<p>&nbsp;<\/p>\n<p>Rescat\u00f3 tambi\u00e9n las pol\u00edticas del actual gobierno provincial indicando que \u201cnada de lo que se hizo en esos a\u00f1os se debi\u00f3 al trabajo de una sola persona. Fue producto de una construcci\u00f3n colectiva, con millones de argentinas y argentinos que acompa\u00f1aron esas pol\u00edticas de estado. Y justamente si hoy nos pegan y nos atacan es por todo lo que hicimos juntos y por lo que ellos no hacen desde el gobierno nacional. Afortunadamente en Entre R\u00edos tenemos un gobierno peronista que soport\u00f3 los embates, un gobernador que se est\u00e1 haciendo cargo, sin hacer un solo ajuste, de much\u00edsimas de las obras que se iniciaron con fondos nacionales\u201d.<\/p>\n<p>&nbsp;<\/p>\n<p>Finalmente se\u00f1al\u00f3 estar \u201ccontento de haber compartido este momento con compa\u00f1eras y compa\u00f1eros. Estas reuniones son necesarias y es una obligaci\u00f3n que llevemos nuestras consignas a la gente y contarles lo que est\u00e1 pasando y c\u00f3mo est\u00e1n destruyendo el tejido social de la Argentina. Es necesario tambi\u00e9n recordar todo lo que logramos en a\u00f1os anteriores, no con la idea de hacer historia solamente, sino de sentirnos orgullosos de lo que hicimos\u201d.<\/p>\n","protected":false},"excerpt":{"rendered":"<p>Invitado a la reuni\u00f3n con candidatos de la LIsta 2 del peronismo entrerriano, Sergio Urribarri manifest\u00f3 \u201cuna alegr\u00eda enorme por haber compartido con todas las personas all\u00ed presentes, junto a Juanjo Bah\u00edllo, Claudia Gieco, Caro Gaillard y Mayda Cresto\u201d en una clara manifestaci\u00f3n de su apoyo a la lista propuesta por el gobernador Bordet &nbsp; &nbsp; &nbsp; &nbsp; &nbsp; &nbsp; Siguiendo la l\u00ednea de mostrar los problemas actuales desde personas con nombre y apellido, como lo propuso la ex presidenta Cristina Fernandez de Kirchner en el acto se manifestaron \u201chombres&#8230;<\/p>\n","protected":false},"author":3,"featured_media":14516,"comment_status":"closed","ping_status":"closed","sticky":false,"template":"","format":"standard","meta":[],"categories":[9,15],"tags":[],"_links":{"self":[{"href":"https:\/\/www.actualidadadiario.com\/index.php\/wp-json\/wp\/v2\/posts\/14515"}],"collection":[{"href":"https:\/\/www.actualidadadiario.com\/index.php\/wp-json\/wp\/v2\/posts"}],"about":[{"href":"https:\/\/www.actualidadadiario.com\/index.php\/wp-json\/wp\/v2\/types\/post"}],"author":[{"embeddable":true,"href":"https:\/\/www.actualidadadiario.com\/index.php\/wp-json\/wp\/v2\/users\/3"}],"replies":[{"embeddable":true,"href":"https:\/\/www.actualidadadiario.com\/index.php\/wp-json\/wp\/v2\/comments?post=14515"}],"version-history":[{"count":1,"href":"https:\/\/www.actualidadadiario.com\/index.php\/wp-json\/wp\/v2\/posts\/14515\/revisions"}],"predecessor-version":[{"id":14517,"href":"https:\/\/www.actualidadadiario.com\/index.php\/wp-json\/wp\/v2\/posts\/14515\/revisions\/14517"}],"wp:featuredmedia":[{"embeddable":true,"href":"https:\/\/www.actualidadadiario.com\/index.php\/wp-json\/wp\/v2\/media\/14516"}],"wp:attachment":[{"href":"https:\/\/www.actualidadadiario.com\/index.php\/wp-json\/wp\/v2\/media?parent=14515"}],"wp:term":[{"taxonomy":"category","embeddable":true,"href":"https:\/\/www.actualidadadiario.com\/index.php\/wp-json\/wp\/v2\/categories?post=14515"},{"taxonomy":"post_tag","embeddable":true,"href":"https:\/\/www.actualidadadiario.com\/index.php\/wp-json\/wp\/v2\/tags?post=14515"}],"curies":[{"name":"wp","href":"https:\/\/api.w.org\/{rel}","templated":true}]}}