{"id":14507,"date":"2017-07-20T11:34:48","date_gmt":"2017-07-20T14:34:48","guid":{"rendered":"http:\/\/actualidadadiario.com\/site\/?p=14507"},"modified":"2017-07-20T11:34:48","modified_gmt":"2017-07-20T14:34:48","slug":"llega-al-cine-la-vida-de-robledo-puch","status":"publish","type":"post","link":"https:\/\/www.actualidadadiario.com\/index.php\/2017\/07\/20\/llega-al-cine-la-vida-de-robledo-puch\/","title":{"rendered":"Llega al cine la vida de Robledo Puch"},"content":{"rendered":"<p><em><strong>Comienza la filmaci\u00f3n de una biograf\u00eda del tenebroso &#8220;\u00e1ngel rubio&#8221;. Dirige Luis Ortega con un elenco excepcional<\/strong><\/em><\/p>\n<p>&nbsp;<\/p>\n<p>&nbsp;<\/p>\n<p>&nbsp;<\/p>\n<p>&nbsp;<\/p>\n<p>Con producci\u00f3n de El deseo, la firma de Pedro Almod\u00f3var, el director Luis Ortega inicia el rodaje de El \u00e1ngel, film que retratar\u00e1 el derrotero de Carlos Robledo Puch, el asesino que atemoriz\u00f3 al pa\u00eds a comienzos de los a\u00f1os 70s.<\/p>\n<p>&nbsp;<\/p>\n<p>Kramer &amp; Sigman Films, Underground, Telefe y Fox Internacional acompa\u00f1an la producci\u00f3n de la pel\u00edcula, que tiene fecha prevista de inicio de filmaci\u00f3n para este pr\u00f3ximo lunes 24 de julio, durante ocho semanas y en locaciones de la Ciudad de Buenos Aires y el conurbano bonaerense.<\/p>\n<p>&nbsp;<\/p>\n<p>El \u00c1ngel est\u00e1 protagonizada por el debutante Lorenzo Ferro (como &#8220;Carlitos&#8221;), Chino Dar\u00edn, Mercedes Mor\u00e1n, Daniel Fanego, el actor chileno Luis Gnecco (quien viene de encarnar a Pablo Neruda), Peter Lanzani y Cecilia Roth.<\/p>\n<p>&nbsp;<\/p>\n<p>Ortega (Historia de un clan, \u201cEl Marginal, Caja Negra\u201d) tambi\u00e9n es responsable del gui\u00f3n, coescrito con Rodolfo Palacios (autor de libro \u201cEl \u00e1ngel negro: La feroz vida de Carlos Robledo Puch\u201d y asesor de investigaci\u00f3n en la serie \u201cHistoria de un clan\u201d) y el reconocido escritor Sergio Olgu\u00edn (autor del best seller \u201cLa fragilidad de los cuerpos\u201d, entre otras novelas).<\/p>\n<p>&nbsp;<\/p>\n<p>En tanto, Sebasti\u00e1n Ortega de Underground Producciones, expres\u00f3: \u201cLa historia real de uno de los casos policiales m\u00e1s impactantes de la historia criminal de la Argentina nos genera un gran entusiasmo para emprender nuestra primer pel\u00edcula como productores , que se suma a nuestra vasta experiencia en series televisivas, y el orgullo de compartir este proyecto junto a los consagrados K&amp;S Films y El Deseo, y a un elenco de primer nivel, con quienes, seguramente, haremos de &#8220;El \u00c1ngel&#8221; una gran pel\u00edcula\u201d.<\/p>\n<p>&nbsp;<\/p>\n<p>Por su parte, Pedro Almod\u00f3var, Agust\u00edn Almod\u00f3var y Esther Garc\u00eda de El Deseo dijeron que &#8220;la fuerza del guion y el talento de Luis Ortega har\u00e1n de El \u00c1ngel un acontecimiento en Argentina y Espa\u00f1a&#8221;.<\/p>\n","protected":false},"excerpt":{"rendered":"<p>Comienza la filmaci\u00f3n de una biograf\u00eda del tenebroso &#8220;\u00e1ngel rubio&#8221;. Dirige Luis Ortega con un elenco excepcional &nbsp; &nbsp; &nbsp; &nbsp; Con producci\u00f3n de El deseo, la firma de Pedro Almod\u00f3var, el director Luis Ortega inicia el rodaje de El \u00e1ngel, film que retratar\u00e1 el derrotero de Carlos Robledo Puch, el asesino que atemoriz\u00f3 al pa\u00eds a comienzos de los a\u00f1os 70s. &nbsp; Kramer &amp; Sigman Films, Underground, Telefe y Fox Internacional acompa\u00f1an la producci\u00f3n de la pel\u00edcula, que tiene fecha prevista de inicio de filmaci\u00f3n para este pr\u00f3ximo lunes&#8230;<\/p>\n","protected":false},"author":3,"featured_media":14508,"comment_status":"closed","ping_status":"closed","sticky":false,"template":"","format":"standard","meta":[],"categories":[4],"tags":[],"_links":{"self":[{"href":"https:\/\/www.actualidadadiario.com\/index.php\/wp-json\/wp\/v2\/posts\/14507"}],"collection":[{"href":"https:\/\/www.actualidadadiario.com\/index.php\/wp-json\/wp\/v2\/posts"}],"about":[{"href":"https:\/\/www.actualidadadiario.com\/index.php\/wp-json\/wp\/v2\/types\/post"}],"author":[{"embeddable":true,"href":"https:\/\/www.actualidadadiario.com\/index.php\/wp-json\/wp\/v2\/users\/3"}],"replies":[{"embeddable":true,"href":"https:\/\/www.actualidadadiario.com\/index.php\/wp-json\/wp\/v2\/comments?post=14507"}],"version-history":[{"count":1,"href":"https:\/\/www.actualidadadiario.com\/index.php\/wp-json\/wp\/v2\/posts\/14507\/revisions"}],"predecessor-version":[{"id":14509,"href":"https:\/\/www.actualidadadiario.com\/index.php\/wp-json\/wp\/v2\/posts\/14507\/revisions\/14509"}],"wp:featuredmedia":[{"embeddable":true,"href":"https:\/\/www.actualidadadiario.com\/index.php\/wp-json\/wp\/v2\/media\/14508"}],"wp:attachment":[{"href":"https:\/\/www.actualidadadiario.com\/index.php\/wp-json\/wp\/v2\/media?parent=14507"}],"wp:term":[{"taxonomy":"category","embeddable":true,"href":"https:\/\/www.actualidadadiario.com\/index.php\/wp-json\/wp\/v2\/categories?post=14507"},{"taxonomy":"post_tag","embeddable":true,"href":"https:\/\/www.actualidadadiario.com\/index.php\/wp-json\/wp\/v2\/tags?post=14507"}],"curies":[{"name":"wp","href":"https:\/\/api.w.org\/{rel}","templated":true}]}}