{"id":14499,"date":"2017-07-20T11:32:29","date_gmt":"2017-07-20T14:32:29","guid":{"rendered":"http:\/\/actualidadadiario.com\/site\/?p=14499"},"modified":"2017-07-20T11:33:05","modified_gmt":"2017-07-20T14:33:05","slug":"pensiones-a-discapacitados-insisten-con-que-la-ministra-de-explicaciones-en-el-congreso","status":"publish","type":"post","link":"https:\/\/www.actualidadadiario.com\/index.php\/2017\/07\/20\/pensiones-a-discapacitados-insisten-con-que-la-ministra-de-explicaciones-en-el-congreso\/","title":{"rendered":"Pensiones a discapacitados: insisten con que la ministra d\u00e9 explicaciones en el Congreso"},"content":{"rendered":"<p><em><strong>Lo hizo la vicepresidenta de la Comisi\u00f3n de Discapacidad de la C\u00e1mara de Diputados, Gabriela Troiano. Destac\u00f3 la &#8220;insensibilidad&#8221; del gobierno nacional<\/strong><\/em><\/p>\n<p>&nbsp;<\/p>\n<p>&nbsp;<\/p>\n<p>&nbsp;<\/p>\n<p>&nbsp;<\/p>\n<p>La diputada nacional por la provincia de Buenos Aires Gabriela Troiano inform\u00f3 que solicit\u00f3 la interpelaci\u00f3n de la ministra de Desarrollo Social, Carolina Stanley, por la quita de pensiones a discapacitados, tema que contin\u00faa sin resolverse pese a las declaraciones oficiales de buenas intenciones.<\/p>\n<p>&nbsp;<\/p>\n<p>La legisladora del Partido Socialista, vicepresidenta de la Comisi\u00f3n de Discapacidad de la c\u00e1mara baja, se\u00f1al\u00f3 que la funcionaria &#8220;tiene que dar explicaciones de lo que est\u00e1 realizando el organismo que tiene a cargo. En los \u00faltimos meses hemos recibido muchas consultas de personas desesperadas porque le cortaron el beneficio de todo el pa\u00eds, que est\u00e1n en la incertidumbre de no saber qu\u00e9 va a pasar, las medidas irresponsables del gobierno generan una angustia inusitada y a pesar de esto contin\u00faan generando acciones\u201d.<\/p>\n<p>&nbsp;<\/p>\n<p>Troiano aclar\u00f3 que no es la primera vez que piden la presencia de la funcionaria nacional en el Congreso. \u201cEl 28 de junio pedimos que Stanley asista a la comisi\u00f3n de discapacidad para dar cuenta de sus acciones, sin embargo aleg\u00f3 problemas de agenda\u201d, record\u00f3.<\/p>\n<p>&nbsp;<\/p>\n<p>\u201cEvidentemente el tema de las pensiones por discapacidad es algo que no est\u00e1 entre las preocupaciones de la ministra\u201d, agreg\u00f3 la diputada. En ese sentido, expres\u00f3 que \u201cla insensibilidad de Stanley y el Gobierno no tiene l\u00edmites\u201d.<\/p>\n<p>&nbsp;<\/p>\n<p>Por \u00faltimo, Troiano censur\u00f3 la \u00faltima movida judicial del Gobierno para evitar reponer los derechos cercenados: \u201cEl recurso presentado por la gobierno nacional va a contramano de su promesa de respetar las decisiones de la Justicia y de restablecer ese derecho quitado hace tres meses\u201d.<\/p>\n<p>&nbsp;<\/p>\n<p>&nbsp;<\/p>\n","protected":false},"excerpt":{"rendered":"<p>Lo hizo la vicepresidenta de la Comisi\u00f3n de Discapacidad de la C\u00e1mara de Diputados, Gabriela Troiano. Destac\u00f3 la &#8220;insensibilidad&#8221; del gobierno nacional &nbsp; &nbsp; &nbsp; &nbsp; La diputada nacional por la provincia de Buenos Aires Gabriela Troiano inform\u00f3 que solicit\u00f3 la interpelaci\u00f3n de la ministra de Desarrollo Social, Carolina Stanley, por la quita de pensiones a discapacitados, tema que contin\u00faa sin resolverse pese a las declaraciones oficiales de buenas intenciones. &nbsp; La legisladora del Partido Socialista, vicepresidenta de la Comisi\u00f3n de Discapacidad de la c\u00e1mara baja, se\u00f1al\u00f3 que la funcionaria&#8230;<\/p>\n","protected":false},"author":3,"featured_media":14500,"comment_status":"closed","ping_status":"closed","sticky":false,"template":"","format":"standard","meta":[],"categories":[18],"tags":[],"_links":{"self":[{"href":"https:\/\/www.actualidadadiario.com\/index.php\/wp-json\/wp\/v2\/posts\/14499"}],"collection":[{"href":"https:\/\/www.actualidadadiario.com\/index.php\/wp-json\/wp\/v2\/posts"}],"about":[{"href":"https:\/\/www.actualidadadiario.com\/index.php\/wp-json\/wp\/v2\/types\/post"}],"author":[{"embeddable":true,"href":"https:\/\/www.actualidadadiario.com\/index.php\/wp-json\/wp\/v2\/users\/3"}],"replies":[{"embeddable":true,"href":"https:\/\/www.actualidadadiario.com\/index.php\/wp-json\/wp\/v2\/comments?post=14499"}],"version-history":[{"count":2,"href":"https:\/\/www.actualidadadiario.com\/index.php\/wp-json\/wp\/v2\/posts\/14499\/revisions"}],"predecessor-version":[{"id":14503,"href":"https:\/\/www.actualidadadiario.com\/index.php\/wp-json\/wp\/v2\/posts\/14499\/revisions\/14503"}],"wp:featuredmedia":[{"embeddable":true,"href":"https:\/\/www.actualidadadiario.com\/index.php\/wp-json\/wp\/v2\/media\/14500"}],"wp:attachment":[{"href":"https:\/\/www.actualidadadiario.com\/index.php\/wp-json\/wp\/v2\/media?parent=14499"}],"wp:term":[{"taxonomy":"category","embeddable":true,"href":"https:\/\/www.actualidadadiario.com\/index.php\/wp-json\/wp\/v2\/categories?post=14499"},{"taxonomy":"post_tag","embeddable":true,"href":"https:\/\/www.actualidadadiario.com\/index.php\/wp-json\/wp\/v2\/tags?post=14499"}],"curies":[{"name":"wp","href":"https:\/\/api.w.org\/{rel}","templated":true}]}}