{"id":14484,"date":"2017-07-20T11:17:26","date_gmt":"2017-07-20T14:17:26","guid":{"rendered":"http:\/\/actualidadadiario.com\/site\/?p=14484"},"modified":"2017-07-20T11:17:26","modified_gmt":"2017-07-20T14:17:26","slug":"macri-viaja-a-mendoza-para-encabezar-cumbre-del-mercosur","status":"publish","type":"post","link":"https:\/\/www.actualidadadiario.com\/index.php\/2017\/07\/20\/macri-viaja-a-mendoza-para-encabezar-cumbre-del-mercosur\/","title":{"rendered":"Macri viaja a Mendoza para encabezar cumbre del Mercosur"},"content":{"rendered":"<p><em><strong>El presidente Mauricio Macri viajar\u00e1 a Mendoza, donde el viernes encabezar\u00e1 la sesi\u00f3n plenaria de la cumbre del Mercosur a la que asisten los jefes de Estado del bloque regional, excepto Venezuela<\/strong><\/em><\/p>\n<p>&nbsp;<\/p>\n<p>&nbsp;<\/p>\n<p>&nbsp;<\/p>\n<p>&nbsp;<\/p>\n<p>En ese marco, Macri entregar\u00e1 la presidencia pro t\u00e9mpore del bloque a su par de Brasil, Michel Temer.<\/p>\n<p>&nbsp;<\/p>\n<p>A las 20.30, el primer mandatario partir\u00e1 desde el sector militar del aeroparque metropolitano, a bordo del Tango 10, con destino a la capital de esa provincia.<\/p>\n<p>&nbsp;<\/p>\n<p>En este marco, el canciller Jorge Faurie asegur\u00f3 en una entrevista con radio Mitre, que el gobierno nacional es &#8220;ferviente defensor del multilateralismo&#8221; y que no lleva adelante &#8220;una pol\u00edtica exterior bajo etiquetas&#8221;, y sostuvo que, en el marco de la Cumbre del Mercosur que se desarrolla en Mendoza, que ma\u00f1ana reunir\u00e1 a los presidentes del bloque, incluido Mauricio Macri, est\u00e1n &#8220;convencidos de llamar la atenci\u00f3n sobre la situaci\u00f3n que atraviesa Venezuela&#8221;.<\/p>\n<p>&nbsp;<\/p>\n<p>Por la noche, el canciller ofrecer\u00e1 una cena para las delegaciones extranjeras en el restor\u00e1n Abrasado, que estar\u00e1 vedado el acceso a periodistas y fot\u00f3grafos.<\/p>\n","protected":false},"excerpt":{"rendered":"<p>El presidente Mauricio Macri viajar\u00e1 a Mendoza, donde el viernes encabezar\u00e1 la sesi\u00f3n plenaria de la cumbre del Mercosur a la que asisten los jefes de Estado del bloque regional, excepto Venezuela &nbsp; &nbsp; &nbsp; &nbsp; En ese marco, Macri entregar\u00e1 la presidencia pro t\u00e9mpore del bloque a su par de Brasil, Michel Temer. &nbsp; A las 20.30, el primer mandatario partir\u00e1 desde el sector militar del aeroparque metropolitano, a bordo del Tango 10, con destino a la capital de esa provincia. &nbsp; En este marco, el canciller Jorge Faurie&#8230;<\/p>\n","protected":false},"author":3,"featured_media":14485,"comment_status":"closed","ping_status":"closed","sticky":false,"template":"","format":"standard","meta":[],"categories":[18],"tags":[],"_links":{"self":[{"href":"https:\/\/www.actualidadadiario.com\/index.php\/wp-json\/wp\/v2\/posts\/14484"}],"collection":[{"href":"https:\/\/www.actualidadadiario.com\/index.php\/wp-json\/wp\/v2\/posts"}],"about":[{"href":"https:\/\/www.actualidadadiario.com\/index.php\/wp-json\/wp\/v2\/types\/post"}],"author":[{"embeddable":true,"href":"https:\/\/www.actualidadadiario.com\/index.php\/wp-json\/wp\/v2\/users\/3"}],"replies":[{"embeddable":true,"href":"https:\/\/www.actualidadadiario.com\/index.php\/wp-json\/wp\/v2\/comments?post=14484"}],"version-history":[{"count":1,"href":"https:\/\/www.actualidadadiario.com\/index.php\/wp-json\/wp\/v2\/posts\/14484\/revisions"}],"predecessor-version":[{"id":14486,"href":"https:\/\/www.actualidadadiario.com\/index.php\/wp-json\/wp\/v2\/posts\/14484\/revisions\/14486"}],"wp:featuredmedia":[{"embeddable":true,"href":"https:\/\/www.actualidadadiario.com\/index.php\/wp-json\/wp\/v2\/media\/14485"}],"wp:attachment":[{"href":"https:\/\/www.actualidadadiario.com\/index.php\/wp-json\/wp\/v2\/media?parent=14484"}],"wp:term":[{"taxonomy":"category","embeddable":true,"href":"https:\/\/www.actualidadadiario.com\/index.php\/wp-json\/wp\/v2\/categories?post=14484"},{"taxonomy":"post_tag","embeddable":true,"href":"https:\/\/www.actualidadadiario.com\/index.php\/wp-json\/wp\/v2\/tags?post=14484"}],"curies":[{"name":"wp","href":"https:\/\/api.w.org\/{rel}","templated":true}]}}