{"id":14481,"date":"2017-07-20T11:16:24","date_gmt":"2017-07-20T14:16:24","guid":{"rendered":"http:\/\/actualidadadiario.com\/site\/?p=14481"},"modified":"2017-07-20T11:16:24","modified_gmt":"2017-07-20T14:16:24","slug":"cambiemos-y-el-massismo-acordaron-la-formula-para-votar-la-expulsion-de-de-vido","status":"publish","type":"post","link":"https:\/\/www.actualidadadiario.com\/index.php\/2017\/07\/20\/cambiemos-y-el-massismo-acordaron-la-formula-para-votar-la-expulsion-de-de-vido\/","title":{"rendered":"Cambiemos y el massismo acordaron la f\u00f3rmula para votar la expulsi\u00f3n de De Vido"},"content":{"rendered":"<p><em><strong>El dictamen se aprobar\u00e1, la pr\u00f3xima semana, por &#8220;indignidad moral&#8221;<\/strong><\/em><\/p>\n<p>&nbsp;<\/p>\n<p>&nbsp;<\/p>\n<p>&nbsp;<\/p>\n<p>Tras m\u00e1s de cinco horas de debate, la Comisi\u00f3n de Asuntos Constitucionales, dio un paso m\u00e1s para apartar al ex ministro de Planificaci\u00f3n Federal y actual diputado por el FpV, Julio De Vido. A ra\u00edz de un acuerdo sellado entre el bloque oficialista de Cambiemos y el Frente Renovador, en el oficialismo conf\u00edan en lograr dictamen la semana pr\u00f3xima por &#8220;exclusi\u00f3n por indignidad&#8221; y no por &#8220;inhabilidad moral&#8221;, como propon\u00eda la diputada Elisa Carri\u00f3.<\/p>\n<p>&nbsp;<\/p>\n<p>Adem\u00e1s, para ese mismo d\u00eda, la Comisi\u00f3n que preside el macrista Pablo Tonelli, anunci\u00f3 que citar\u00e1 al ex funcionario para que pueda hacer su descargo en persona ante los legisladores.<\/p>\n<p>&nbsp;<\/p>\n<p>El acuerdo se sell\u00f3 tras la propuesta planteada por el diputado Juan Br\u00fcgge, aliado del Frente Renovador, que al tomar la palabra se diferenci\u00f3 de la chaque\u00f1a, quien asisti\u00f3 al inicio del debate para defender el apartamiento del diputado K con su proyecto. &#8220;Carri\u00f3 asemeja la inhabilidad moral a la indignidad&#8221;, argument\u00f3 Br\u00fcgge, quien, adem\u00e1s, propuso que se estableciera un plazo para que De Vido tuviera la oportunidad de defenderse.<\/p>\n<p>&nbsp;<\/p>\n<p>Al inicio del debate, fue la diputada Carri\u00f3 la encargada de defenestrar al ex funcionario. &#8220;Es un esc\u00e1ndalo moral que un procesado por la tragedia de Once est\u00e9 sentado en el Congreso&#8221;, dispar\u00f3 la candidata a renovar su banca por Vamos Juntos.<\/p>\n<p>&nbsp;<\/p>\n<p>En un clima que deriv\u00f3 en una batalla electoral, el kirchnerismo arremeti\u00f3 contra la diputada oficialista. El santafesino Marcos Cleri asegur\u00f3 que la escuch\u00f3 a Carri\u00f3 decir &#8220;hay que sacar esto porque nos sirve para la campa\u00f1a&#8221;. Cleri insisti\u00f3: &#8220;Piensa en campa\u00f1a, no piensa en el pueblo&#8221;.<\/p>\n<p>&nbsp;<\/p>\n<p>Por el bloque del FpV, tambi\u00e9n defendi\u00f3 al ex ministro Nilda Garr\u00e9, que calific\u00f3 la cruzada contra De Vido como un &#8220;show medi\u00e1tico&#8221;. &#8220;El Gobierno tiene el apoyo de los medios y de gran parte de la Justicia que colaboran con el desgaste no solo de funcionarios pol\u00edticos sino tambi\u00e9n de las instituciones&#8221;.<\/p>\n<p>&nbsp;<\/p>\n<p>Una de las m\u00e1s duras fue la vicepresidenta de la Comisi\u00f3n, Diana Conti, que le apunt\u00f3 al massimo tras concretarse el acuerdo con Cambiemos. Dijo que Massa le &#8220;da asco&#8221;. &#8220;Quieren disfrazar esto de un proceso de defensa para mostrarle a la opini\u00f3n p\u00fablica que son legales. Pero son ilegales e inconstitucionales. Lo que hacen es nulo de nulidad absoluta&#8221;, dijo en defensa de De Vido.<\/p>\n<p>&nbsp;<\/p>\n<p>Ricardo Alfons\u00edn y Carla Carrizo, dos de los diputados de Cambiemos que hab\u00edan expresado sus diferencias con el interbloque matizaron sus posturas. Alfons\u00edn puso en duda que el mecanismo de expulsi\u00f3n sea constitucional. Sin embargo, sostuvo que acompa\u00f1ar\u00eda la descion. Carrizo, aliada de Mart\u00edn Loustaeu, y que competir\u00e1 contra Carri\u00f3 en la Cuidad, finalmente decidi\u00f3 que firmar\u00eda en disidencia.<\/p>\n<p>&nbsp;<\/p>\n<p>La izquierda tambi\u00e9n se hizo o\u00edr, y no tuvo piedad con nadie. Soledad Sosa del FIT se\u00f1al\u00f3: &#8220;Hablan de los delitos ajenos, los del kirchnerismo y no de los propios. Ustedes son tambi\u00e9n socios de Odebrecht&#8221;.<\/p>\n<p>&nbsp;<\/p>\n<p>El oficialismo, ahora seguro de que contar\u00e1 el pr\u00f3ximo martes con las firmas para lograr el dictamen de mayor\u00eda, aspira a llevar la discusi\u00f3n al recinto al d\u00eda siguiente donde para lograr la expulsi\u00f3n de De Vido, necesitar\u00e1 la voluntad de las dos terceras partes de los diputados presentes al momento de la votaci\u00f3n, n\u00famero que, en caso de asistencia perfecta, ser\u00eda de 172 (sobre 257).<\/p>\n<p>&nbsp;<\/p>\n<p>&nbsp;<\/p>\n<p><strong>Resuelta de apuro la figura, el inter\u00e9s en la C\u00e1mara pasa ahora por el poroteo<\/strong><\/p>\n<p>Buena parte de la discusi\u00f3n entre quienes promov\u00edan la expulsi\u00f3n de De Vido pas\u00f3 por c\u00f3mo cuadrarla en los tipos previstos. El art\u00edculo 66 de la Constituci\u00f3n incluye la figura de inhabilidad moral pero lo prev\u00e9 para casos que sobrevienen despu\u00e9s de la incorporaci\u00f3n a la C\u00e1mara, algo que no cuadraba con las intenciones de los promotores. En tanto, el art\u00edtulo 70 se ajustaba m\u00e1s al caso de De Vido, aludiendo a legisladores que enfrenten procesos judiciales, aunque habilita a suspenderlo y no a echarlo del cuerpo. Es por ello que crearon la figura de \u201cindignidad moral\u201d, asoci\u00e1ndolo con el art\u00edculo 66. En ambos casos se requiere mayor\u00eda de dos tercios para validar la iniciativa y a eso se dedicar\u00e1n Cambiemos y el massismo en la pr\u00f3xima semana. Con asistencia perfecta el FpV necesita 86 votos. El interbloque kirchnerista cuenta con 75 diputados contando a sus aliados. Los cinco del Movimiento Evita votar\u00edan en contra de la expulsi\u00f3n, con lo cual el n\u00famero por la permanencia de De Vido podr\u00eda elevarse a 80. Y tambi\u00e9n podr\u00edan contar con los votos de los tres diputados de Compromiso Federal e igual n\u00famero del Frente de Izquierda. Lo que podr\u00eda romper estos c\u00e1lculos es una ausencia de diputados de las propias filas kirchneristas, especialmente de aquellos que responden a gobernadores y que tienen aspiraciones de reelegirse en sus bancas. El bloque Justicialista es la otra gran inc\u00f3gnita en relaci\u00f3n a la suerte de la iniciativa en el recinto.<\/p>\n","protected":false},"excerpt":{"rendered":"<p>El dictamen se aprobar\u00e1, la pr\u00f3xima semana, por &#8220;indignidad moral&#8221; &nbsp; &nbsp; &nbsp; Tras m\u00e1s de cinco horas de debate, la Comisi\u00f3n de Asuntos Constitucionales, dio un paso m\u00e1s para apartar al ex ministro de Planificaci\u00f3n Federal y actual diputado por el FpV, Julio De Vido. A ra\u00edz de un acuerdo sellado entre el bloque oficialista de Cambiemos y el Frente Renovador, en el oficialismo conf\u00edan en lograr dictamen la semana pr\u00f3xima por &#8220;exclusi\u00f3n por indignidad&#8221; y no por &#8220;inhabilidad moral&#8221;, como propon\u00eda la diputada Elisa Carri\u00f3. &nbsp; Adem\u00e1s, para&#8230;<\/p>\n","protected":false},"author":3,"featured_media":14482,"comment_status":"closed","ping_status":"closed","sticky":false,"template":"","format":"standard","meta":[],"categories":[18],"tags":[],"_links":{"self":[{"href":"https:\/\/www.actualidadadiario.com\/index.php\/wp-json\/wp\/v2\/posts\/14481"}],"collection":[{"href":"https:\/\/www.actualidadadiario.com\/index.php\/wp-json\/wp\/v2\/posts"}],"about":[{"href":"https:\/\/www.actualidadadiario.com\/index.php\/wp-json\/wp\/v2\/types\/post"}],"author":[{"embeddable":true,"href":"https:\/\/www.actualidadadiario.com\/index.php\/wp-json\/wp\/v2\/users\/3"}],"replies":[{"embeddable":true,"href":"https:\/\/www.actualidadadiario.com\/index.php\/wp-json\/wp\/v2\/comments?post=14481"}],"version-history":[{"count":1,"href":"https:\/\/www.actualidadadiario.com\/index.php\/wp-json\/wp\/v2\/posts\/14481\/revisions"}],"predecessor-version":[{"id":14483,"href":"https:\/\/www.actualidadadiario.com\/index.php\/wp-json\/wp\/v2\/posts\/14481\/revisions\/14483"}],"wp:featuredmedia":[{"embeddable":true,"href":"https:\/\/www.actualidadadiario.com\/index.php\/wp-json\/wp\/v2\/media\/14482"}],"wp:attachment":[{"href":"https:\/\/www.actualidadadiario.com\/index.php\/wp-json\/wp\/v2\/media?parent=14481"}],"wp:term":[{"taxonomy":"category","embeddable":true,"href":"https:\/\/www.actualidadadiario.com\/index.php\/wp-json\/wp\/v2\/categories?post=14481"},{"taxonomy":"post_tag","embeddable":true,"href":"https:\/\/www.actualidadadiario.com\/index.php\/wp-json\/wp\/v2\/tags?post=14481"}],"curies":[{"name":"wp","href":"https:\/\/api.w.org\/{rel}","templated":true}]}}