{"id":14478,"date":"2017-07-20T11:15:03","date_gmt":"2017-07-20T14:15:03","guid":{"rendered":"http:\/\/actualidadadiario.com\/site\/?p=14478"},"modified":"2017-07-20T11:15:03","modified_gmt":"2017-07-20T14:15:03","slug":"segun-censo-hay-4-394-personas-en-situacion-de-calle-en-caba","status":"publish","type":"post","link":"https:\/\/www.actualidadadiario.com\/index.php\/2017\/07\/20\/segun-censo-hay-4-394-personas-en-situacion-de-calle-en-caba\/","title":{"rendered":"Seg\u00fan censo, hay 4.394 personas en situaci\u00f3n de calle en CABA"},"content":{"rendered":"<p><em><strong>Este informe cuatriplica la cifra oficial. Fue realizado por un grupo de 400 voluntarios. El n\u00famero asciende a 5.872 si se toman en cuenta las personas que utilizan la red de alojamiento transitorio nocturno<\/strong><\/em><\/p>\n<p>&nbsp;<\/p>\n<p>&nbsp;<\/p>\n<p>&nbsp;<\/p>\n<p>&nbsp;<\/p>\n<p>Un relevamiento no oficial, realizado por organizaciones sociales, indica que en la Ciudad de Buenos Aires, hay un total de 4.394 personas en situaci\u00f3n de calle, una cifra alejada de las 1.066 que reconoci\u00f3 hace dos d\u00edas el Gobierno porte\u00f1o.<\/p>\n<p>&nbsp;<\/p>\n<p>El censo se realiz\u00f3 entre el 8 y el 15 de mayo de este a\u00f1o, con la participaci\u00f3n de m\u00e1s de 400 voluntarios que fueron capacitados previamente para recorrer los 48 barrios de la Ciudad, y de la presentaci\u00f3n de los resultados participaron representantes del Ministerio P\u00fablico de la Defensa y la Defensor\u00eda del Pueblo de la Ciudad.<\/p>\n<p>&nbsp;<\/p>\n<p>El resultado fue difundido este mi\u00e9rcoles y, si bien coincide con el gobierno en que hubo un aumento del 23 por ciento en el n\u00famero de hombres, mujeres y ni\u00f1os que duermen en veredas y lugares p\u00fablicos, la cifra es tres veces mayor a la anunciada oficialmente.<\/p>\n<p>&nbsp;<\/p>\n<p>El n\u00famero es a\u00fan mayor si se toman en cuenta las personas que utilizan la red de alojamiento transitorio nocturno, sean paradores provistos por el Estado o sitios como hoteles y pensiones facilitados mediante convenios: en ese caso, la cifra asciende a 5.872.<\/p>\n<p>&nbsp;<\/p>\n<p>Autoridades del Ministerio de Desarrollo Humano y H\u00e1bitat reconocieron el pasado lunes que hubo un incremento del 23% respecto a la cifra relevada el a\u00f1o pasado, pero las organizaciones sociales relevaron &#8220;barrio por barrio&#8221; y la cifra se\u00f1alada es de 4.394 personas.<\/p>\n","protected":false},"excerpt":{"rendered":"<p>Este informe cuatriplica la cifra oficial. Fue realizado por un grupo de 400 voluntarios. El n\u00famero asciende a 5.872 si se toman en cuenta las personas que utilizan la red de alojamiento transitorio nocturno &nbsp; &nbsp; &nbsp; &nbsp; Un relevamiento no oficial, realizado por organizaciones sociales, indica que en la Ciudad de Buenos Aires, hay un total de 4.394 personas en situaci\u00f3n de calle, una cifra alejada de las 1.066 que reconoci\u00f3 hace dos d\u00edas el Gobierno porte\u00f1o. &nbsp; El censo se realiz\u00f3 entre el 8 y el 15 de&#8230;<\/p>\n","protected":false},"author":3,"featured_media":14479,"comment_status":"closed","ping_status":"closed","sticky":false,"template":"","format":"standard","meta":[],"categories":[18],"tags":[],"_links":{"self":[{"href":"https:\/\/www.actualidadadiario.com\/index.php\/wp-json\/wp\/v2\/posts\/14478"}],"collection":[{"href":"https:\/\/www.actualidadadiario.com\/index.php\/wp-json\/wp\/v2\/posts"}],"about":[{"href":"https:\/\/www.actualidadadiario.com\/index.php\/wp-json\/wp\/v2\/types\/post"}],"author":[{"embeddable":true,"href":"https:\/\/www.actualidadadiario.com\/index.php\/wp-json\/wp\/v2\/users\/3"}],"replies":[{"embeddable":true,"href":"https:\/\/www.actualidadadiario.com\/index.php\/wp-json\/wp\/v2\/comments?post=14478"}],"version-history":[{"count":1,"href":"https:\/\/www.actualidadadiario.com\/index.php\/wp-json\/wp\/v2\/posts\/14478\/revisions"}],"predecessor-version":[{"id":14480,"href":"https:\/\/www.actualidadadiario.com\/index.php\/wp-json\/wp\/v2\/posts\/14478\/revisions\/14480"}],"wp:featuredmedia":[{"embeddable":true,"href":"https:\/\/www.actualidadadiario.com\/index.php\/wp-json\/wp\/v2\/media\/14479"}],"wp:attachment":[{"href":"https:\/\/www.actualidadadiario.com\/index.php\/wp-json\/wp\/v2\/media?parent=14478"}],"wp:term":[{"taxonomy":"category","embeddable":true,"href":"https:\/\/www.actualidadadiario.com\/index.php\/wp-json\/wp\/v2\/categories?post=14478"},{"taxonomy":"post_tag","embeddable":true,"href":"https:\/\/www.actualidadadiario.com\/index.php\/wp-json\/wp\/v2\/tags?post=14478"}],"curies":[{"name":"wp","href":"https:\/\/api.w.org\/{rel}","templated":true}]}}