{"id":14475,"date":"2017-07-20T11:13:48","date_gmt":"2017-07-20T14:13:48","guid":{"rendered":"http:\/\/actualidadadiario.com\/site\/?p=14475"},"modified":"2017-07-20T11:13:48","modified_gmt":"2017-07-20T14:13:48","slug":"oficializan-suba-de-24-de-aumento-para-empleadas-domesticas","status":"publish","type":"post","link":"https:\/\/www.actualidadadiario.com\/index.php\/2017\/07\/20\/oficializan-suba-de-24-de-aumento-para-empleadas-domesticas\/","title":{"rendered":"Oficializan suba de 24% de aumento para empleadas dom\u00e9sticas"},"content":{"rendered":"<p><em><strong>El Gobierno formaliz\u00f3 el acuerdo alcanzado con el gremio de empleadas dom\u00e9sticas a trav\u00e9s del cual los sueldos de ese sector se incrementar\u00e1n un 24%, que se abonar\u00e1 en dos tramos<\/strong><\/em><\/p>\n<p>&nbsp;<\/p>\n<p>&nbsp;<\/p>\n<p>&nbsp;<\/p>\n<p>&nbsp;<\/p>\n<p>La medida, publicada en el Bolet\u00edn Oficial, incrementa los salarios un 12% desde junio y otro 12% restante desde diciembre, por lo que ambas subas tendr\u00e1n incidencia en los medios aguinaldos, seg\u00fan lo acordado por la Uni\u00f3n Personal Auxiliar de Casas Particulares (Upacp).<\/p>\n<p>&nbsp;<\/p>\n<p>Con el aumento del primer tramo, una empleada de quinta categor\u00eda (realiza tareas de limpieza, lavado, planchado, mantenimiento, elaboraci\u00f3n y cocci\u00f3n de comidas) pasar\u00eda a cobrar $64,50 la hora y $7982 por mes en caso de tener un r\u00e9gimen de ocho horas y cinco d\u00edas a la semana.<\/p>\n<p>&nbsp;<\/p>\n<p>En diciembre, una vez que se consolide el segundo incremento, el sueldo para esta categor\u00eda pasar\u00eda a ser de $ 71,50 por hora, mientras que el sueldo mensual para cinco jornadas semanales de ocho horas ascender\u00eda a $ 10.957,70.<\/p>\n<p>&nbsp;<\/p>\n<p>Adem\u00e1s, Upacp acord\u00f3 que en septiembre se reunir\u00e1n con la comisi\u00f3n del Ministerio de Trabajo para discutir sobre vi\u00e1ticos, antig\u00fcedad, presentismo, capacitaci\u00f3n, seguridad e higiene y diversos aspectos de reglamentaci\u00f3n de la normativa aplicable.<\/p>\n","protected":false},"excerpt":{"rendered":"<p>El Gobierno formaliz\u00f3 el acuerdo alcanzado con el gremio de empleadas dom\u00e9sticas a trav\u00e9s del cual los sueldos de ese sector se incrementar\u00e1n un 24%, que se abonar\u00e1 en dos tramos &nbsp; &nbsp; &nbsp; &nbsp; La medida, publicada en el Bolet\u00edn Oficial, incrementa los salarios un 12% desde junio y otro 12% restante desde diciembre, por lo que ambas subas tendr\u00e1n incidencia en los medios aguinaldos, seg\u00fan lo acordado por la Uni\u00f3n Personal Auxiliar de Casas Particulares (Upacp). &nbsp; Con el aumento del primer tramo, una empleada de quinta categor\u00eda&#8230;<\/p>\n","protected":false},"author":3,"featured_media":14476,"comment_status":"closed","ping_status":"closed","sticky":false,"template":"","format":"standard","meta":[],"categories":[2],"tags":[],"_links":{"self":[{"href":"https:\/\/www.actualidadadiario.com\/index.php\/wp-json\/wp\/v2\/posts\/14475"}],"collection":[{"href":"https:\/\/www.actualidadadiario.com\/index.php\/wp-json\/wp\/v2\/posts"}],"about":[{"href":"https:\/\/www.actualidadadiario.com\/index.php\/wp-json\/wp\/v2\/types\/post"}],"author":[{"embeddable":true,"href":"https:\/\/www.actualidadadiario.com\/index.php\/wp-json\/wp\/v2\/users\/3"}],"replies":[{"embeddable":true,"href":"https:\/\/www.actualidadadiario.com\/index.php\/wp-json\/wp\/v2\/comments?post=14475"}],"version-history":[{"count":1,"href":"https:\/\/www.actualidadadiario.com\/index.php\/wp-json\/wp\/v2\/posts\/14475\/revisions"}],"predecessor-version":[{"id":14477,"href":"https:\/\/www.actualidadadiario.com\/index.php\/wp-json\/wp\/v2\/posts\/14475\/revisions\/14477"}],"wp:featuredmedia":[{"embeddable":true,"href":"https:\/\/www.actualidadadiario.com\/index.php\/wp-json\/wp\/v2\/media\/14476"}],"wp:attachment":[{"href":"https:\/\/www.actualidadadiario.com\/index.php\/wp-json\/wp\/v2\/media?parent=14475"}],"wp:term":[{"taxonomy":"category","embeddable":true,"href":"https:\/\/www.actualidadadiario.com\/index.php\/wp-json\/wp\/v2\/categories?post=14475"},{"taxonomy":"post_tag","embeddable":true,"href":"https:\/\/www.actualidadadiario.com\/index.php\/wp-json\/wp\/v2\/tags?post=14475"}],"curies":[{"name":"wp","href":"https:\/\/api.w.org\/{rel}","templated":true}]}}