{"id":14472,"date":"2017-07-20T11:12:48","date_gmt":"2017-07-20T14:12:48","guid":{"rendered":"http:\/\/actualidadadiario.com\/site\/?p=14472"},"modified":"2017-07-20T11:12:48","modified_gmt":"2017-07-20T14:12:48","slug":"cornejo-aprovecha-la-cumbre-del-mercosur-en-mendoza-para-pedirle-mas-fondos-a-macri","status":"publish","type":"post","link":"https:\/\/www.actualidadadiario.com\/index.php\/2017\/07\/20\/cornejo-aprovecha-la-cumbre-del-mercosur-en-mendoza-para-pedirle-mas-fondos-a-macri\/","title":{"rendered":"Cornejo aprovecha la cumbre del Mercosur en Mendoza para pedirle m\u00e1s fondos a Macri"},"content":{"rendered":"<p><em><strong>El gobernador, anfitri\u00f3n del encuentro del bloque comercial, reclam\u00f3 m\u00e1s fondos de coparticipaci\u00f3n a Naci\u00f3n<\/strong><\/em><\/p>\n<p>&nbsp;<\/p>\n<p>&nbsp;<\/p>\n<p>&nbsp;<\/p>\n<p>&nbsp;<\/p>\n<p>El gobernador de Mendoza Alfredo Cornejo reclam\u00f3 al gobierno nacional que a la hora de la discusi\u00f3n por la coparticipaci\u00f3n federal &#8220;ponga en valor&#8221; el &#8220;esfuerzo superior&#8221; que est\u00e1 haciendo su provincia en la reducci\u00f3n del gasto.<\/p>\n<p>&nbsp;<\/p>\n<p>En momentos que se espera la llegada del presidente Mauricio Macri para su participaci\u00f3n en la cumbre del Mercosur, el mandatario provincial aprovech\u00f3 su rol de anfitri\u00f3n de la cumbre para enviar un mensaje a la administraci\u00f3n central. Cornejo pidi\u00f3 que los cambios realizados en Mendoza &#8220;se vean reflejados en la relaci\u00f3n Naci\u00f3n-provincia&#8221; por los fondos coparticipables.<\/p>\n<p>&nbsp;<\/p>\n<p>Cornejo en privado se queja que el gobierno nacional no avanz\u00f3 con las obras importantes que ten\u00edan programadas para este a\u00f1o como las dos represas incluidas en el presupuesto y s\u00f3lo se han movido obras menores y la autopista a San Juan, que tiene poco m\u00e1s de cien kil\u00f3metros. Reclamos parecidos tiene su par radical de Jujuy, Gerardo Morales.<\/p>\n<p>&nbsp;<\/p>\n<p>Cornejo transmiti\u00f3 que espera que &#8220;se especifiquen&#8221; los puntos acordados en el pacto fiscal sellado en la \u00faltima reuni\u00f3n del Consejo Federal de Responsabilidad Fiscal, que se realiz\u00f3 justamente en esta ciudad a principios de a\u00f1o, y en la que el titular del Palacio de Hacienda, Nicol\u00e1s Dujovne, y los ministros de Econom\u00eda y Finanzas de 21 provincias llegaron a un entendimiento para controlar el gasto p\u00fablico.<\/p>\n<p>&nbsp;<\/p>\n<p>&#8220;Mendoza est\u00e1 haciendo un esfuerzo fiscal superior a muchas provincias y me gustar\u00eda que eso est\u00e9 puesto en valor porque estamos reduciendo impuestos, estamos reduciendo el gasto. Tenemos cinco mil empleados p\u00fablicos menos y me gustar\u00eda que fuera reflejado en la relaci\u00f3n naci\u00f3n-provincia&#8221;, expres\u00f3 el gobernador ante una consulta de esta agencia.<\/p>\n<p>&nbsp;<\/p>\n<p>En este contexto, Cornejo remarc\u00f3 que &#8220;no todas las provincias van en la misma direcci\u00f3n&#8221;, aunque evit\u00f3 dar precisiones sobre aquellos gobernadores que no cumplen con el plan de austeridad para reducir el d\u00e9ficit fiscal.<\/p>\n<p>&nbsp;<\/p>\n<p>Cornejo agreg\u00f3 que &#8220;en principio tenemos una buena relaci\u00f3n&#8221; con el gobierno de Mauricio Macri. A casi nadie le pas\u00f3 desapercibido la palabra &#8220;en principio&#8221; y respecto del futuro del pacto fiscal, Cornejo se\u00f1al\u00f3 que en la reuni\u00f3n realizada en marzo &#8220;se firmaron cosas generales&#8221; y aclar\u00f3 que &#8220;hay que ver si se especifican m\u00e1s adelante&#8221;.<\/p>\n","protected":false},"excerpt":{"rendered":"<p>El gobernador, anfitri\u00f3n del encuentro del bloque comercial, reclam\u00f3 m\u00e1s fondos de coparticipaci\u00f3n a Naci\u00f3n &nbsp; &nbsp; &nbsp; &nbsp; El gobernador de Mendoza Alfredo Cornejo reclam\u00f3 al gobierno nacional que a la hora de la discusi\u00f3n por la coparticipaci\u00f3n federal &#8220;ponga en valor&#8221; el &#8220;esfuerzo superior&#8221; que est\u00e1 haciendo su provincia en la reducci\u00f3n del gasto. &nbsp; En momentos que se espera la llegada del presidente Mauricio Macri para su participaci\u00f3n en la cumbre del Mercosur, el mandatario provincial aprovech\u00f3 su rol de anfitri\u00f3n de la cumbre para enviar un&#8230;<\/p>\n","protected":false},"author":3,"featured_media":14473,"comment_status":"closed","ping_status":"closed","sticky":false,"template":"","format":"standard","meta":[],"categories":[2],"tags":[],"_links":{"self":[{"href":"https:\/\/www.actualidadadiario.com\/index.php\/wp-json\/wp\/v2\/posts\/14472"}],"collection":[{"href":"https:\/\/www.actualidadadiario.com\/index.php\/wp-json\/wp\/v2\/posts"}],"about":[{"href":"https:\/\/www.actualidadadiario.com\/index.php\/wp-json\/wp\/v2\/types\/post"}],"author":[{"embeddable":true,"href":"https:\/\/www.actualidadadiario.com\/index.php\/wp-json\/wp\/v2\/users\/3"}],"replies":[{"embeddable":true,"href":"https:\/\/www.actualidadadiario.com\/index.php\/wp-json\/wp\/v2\/comments?post=14472"}],"version-history":[{"count":1,"href":"https:\/\/www.actualidadadiario.com\/index.php\/wp-json\/wp\/v2\/posts\/14472\/revisions"}],"predecessor-version":[{"id":14474,"href":"https:\/\/www.actualidadadiario.com\/index.php\/wp-json\/wp\/v2\/posts\/14472\/revisions\/14474"}],"wp:featuredmedia":[{"embeddable":true,"href":"https:\/\/www.actualidadadiario.com\/index.php\/wp-json\/wp\/v2\/media\/14473"}],"wp:attachment":[{"href":"https:\/\/www.actualidadadiario.com\/index.php\/wp-json\/wp\/v2\/media?parent=14472"}],"wp:term":[{"taxonomy":"category","embeddable":true,"href":"https:\/\/www.actualidadadiario.com\/index.php\/wp-json\/wp\/v2\/categories?post=14472"},{"taxonomy":"post_tag","embeddable":true,"href":"https:\/\/www.actualidadadiario.com\/index.php\/wp-json\/wp\/v2\/tags?post=14472"}],"curies":[{"name":"wp","href":"https:\/\/api.w.org\/{rel}","templated":true}]}}