{"id":14469,"date":"2017-07-20T11:11:31","date_gmt":"2017-07-20T14:11:31","guid":{"rendered":"http:\/\/actualidadadiario.com\/site\/?p=14469"},"modified":"2017-07-20T11:11:31","modified_gmt":"2017-07-20T14:11:31","slug":"alpargatas-vendio-una-planta-en-catamarca-y-adelanta-vacaciones-a-operarios-en-tucuman","status":"publish","type":"post","link":"https:\/\/www.actualidadadiario.com\/index.php\/2017\/07\/20\/alpargatas-vendio-una-planta-en-catamarca-y-adelanta-vacaciones-a-operarios-en-tucuman\/","title":{"rendered":"Alpargatas vendi\u00f3 una planta en Catamarca y adelanta vacaciones a operarios en Tucum\u00e1n"},"content":{"rendered":"<p><em><strong>Por las importaciones y la venta de una f\u00e1brica en Catamarca, la textil decidi\u00f3 adelantarles las vacaciones a trabajadores en Tucum\u00e1n<\/strong><\/em><\/p>\n<p>&nbsp;<\/p>\n<p>&nbsp;<\/p>\n<p>&nbsp;<\/p>\n<p>La textil Alpargatas anunci\u00f3 a sus trabajadores de la planta ubicada en Tucum\u00e1n que\u00a0 les adelantar\u00e1 vacaciones e iniciar\u00e1 capacitaciones para poder\u00a0 paralizar su producci\u00f3n por exceso de stock ante la falta de demanda, tras vender una f\u00e1brica en Catamarca.<\/p>\n<p>&nbsp;<\/p>\n<p>Los trabajadores afectados se desempe\u00f1an en la planta que la\u00a0 compa\u00f1\u00eda tiene en el kil\u00f3metro 725 de la Ruta Nacional 38, de la\u00a0 localidad tucumana de Aguilares, 90 kil\u00f3metros al suroeste de la\u00a0 capital provincial.<\/p>\n<p>&nbsp;<\/p>\n<p>La textil ingres\u00f3 recientemente en el programa del \u201cRepro Express\u201d del Ministerio de Trabajo, por el cual el Estado paga una\u00a0 porci\u00f3n de los sueldos (hasta 3.000 pesos) de los operarios para\u00a0 evitar que la firma los despida.<\/p>\n<p>&nbsp;<\/p>\n<p>Al comunicar su decisi\u00f3n, dijo a los trabajadores que est\u00e1\u00a0 sufriendo la falta de demanda por el \u201cachicamiento del mercado\u00a0 interno\u201d, en paralelo con un fuerte aumento de las importaciones.<\/p>\n<p>&nbsp;<\/p>\n<p>La compa\u00f1\u00eda nacida en la Argentina y controlada desde hace unos\u00a0 a\u00f1os por capitales brasile\u00f1os tiene plantas de producci\u00f3n en San\u00a0 Fernando del Valle de Catamarca y Sumalao (Catamarca), Florencio Varela (Buenos Aires), Presidencia Roque S\u00e1enz Pe\u00f1a (Chaco) y\u00a0 Bella Vista (Corrientes).<\/p>\n<p>&nbsp;<\/p>\n<p>Alpargatas Brasil, que compr\u00f3 Alpargatas Argentina en 2013, le\u00a0 vendi\u00f3 la planta de la capital catamarque\u00f1a al fondo Itausa, integrado por los principales accionistas del banco de capitales\u00a0 brasileros Ita\u00fa.<\/p>\n<p>&nbsp;<\/p>\n<p>Esa situaci\u00f3n despert\u00f3 un cierto optimismo en la Asociaci\u00f3n\u00a0 Obrera Textil de Catamarca, aunque se conserv\u00f3 la cautela porque\u00a0 la planta est\u00e1 paralizada y los trabajadores tienen temor de un\u00a0 eventual cierre.<\/p>\n<p>&nbsp;<\/p>\n<p>\u201cSi vienen a invertir, cuentan con nuestro apoyo\u201d, dijo el\u00a0 secretario general de la Asociaci\u00f3n Obrera Textil, Jorge Gonz\u00e1lez,\u00a0 despu\u00e9s de que se conociera que la f\u00e1brica cambiaba de manos pero\u00a0 quedaba bajo control de capitales brasile\u00f1os.<\/p>\n<p>&nbsp;<\/p>\n<p>Gonz\u00e1lez dijo que en Catamarca Alpargatas \u201cten\u00eda un panorama muy complicado, m\u00e1s para irse que para quedarse. Ven\u00edamos con\u00a0 suspensiones, siguen los retiros voluntarios, muchas medidas\u00a0 paliativas a las que se suman las m\u00e1quinas viejas\u201d.<\/p>\n<p>&nbsp;<\/p>\n<p>Alpargatas viene realizando un ajuste en los \u00faltimos meses:\u00a0 anunci\u00f3 el cierre de su f\u00e1brica de zapatillas en Villa Mercedes,\u00a0 San Luis, y la discontinuaci\u00f3n de su l\u00ednea de calzado en la planta\u00a0 ubicada la localidad bonaerense de Florencio Varela, que afecta la\u00a0 fuente de trabajo de 150 empleados.<\/p>\n<p>&nbsp;<\/p>\n<p>El negocio del calzado est\u00e1 muy complicado por el fuerte\u00a0 incremento de la competencia por parte de Adidas y Nike, que rebasaron los canales de comercializaci\u00f3n con importaciones.<\/p>\n","protected":false},"excerpt":{"rendered":"<p>Por las importaciones y la venta de una f\u00e1brica en Catamarca, la textil decidi\u00f3 adelantarles las vacaciones a trabajadores en Tucum\u00e1n &nbsp; &nbsp; &nbsp; La textil Alpargatas anunci\u00f3 a sus trabajadores de la planta ubicada en Tucum\u00e1n que\u00a0 les adelantar\u00e1 vacaciones e iniciar\u00e1 capacitaciones para poder\u00a0 paralizar su producci\u00f3n por exceso de stock ante la falta de demanda, tras vender una f\u00e1brica en Catamarca. &nbsp; Los trabajadores afectados se desempe\u00f1an en la planta que la\u00a0 compa\u00f1\u00eda tiene en el kil\u00f3metro 725 de la Ruta Nacional 38, de la\u00a0 localidad tucumana&#8230;<\/p>\n","protected":false},"author":3,"featured_media":14470,"comment_status":"closed","ping_status":"closed","sticky":false,"template":"","format":"standard","meta":[],"categories":[2],"tags":[],"_links":{"self":[{"href":"https:\/\/www.actualidadadiario.com\/index.php\/wp-json\/wp\/v2\/posts\/14469"}],"collection":[{"href":"https:\/\/www.actualidadadiario.com\/index.php\/wp-json\/wp\/v2\/posts"}],"about":[{"href":"https:\/\/www.actualidadadiario.com\/index.php\/wp-json\/wp\/v2\/types\/post"}],"author":[{"embeddable":true,"href":"https:\/\/www.actualidadadiario.com\/index.php\/wp-json\/wp\/v2\/users\/3"}],"replies":[{"embeddable":true,"href":"https:\/\/www.actualidadadiario.com\/index.php\/wp-json\/wp\/v2\/comments?post=14469"}],"version-history":[{"count":1,"href":"https:\/\/www.actualidadadiario.com\/index.php\/wp-json\/wp\/v2\/posts\/14469\/revisions"}],"predecessor-version":[{"id":14471,"href":"https:\/\/www.actualidadadiario.com\/index.php\/wp-json\/wp\/v2\/posts\/14469\/revisions\/14471"}],"wp:featuredmedia":[{"embeddable":true,"href":"https:\/\/www.actualidadadiario.com\/index.php\/wp-json\/wp\/v2\/media\/14470"}],"wp:attachment":[{"href":"https:\/\/www.actualidadadiario.com\/index.php\/wp-json\/wp\/v2\/media?parent=14469"}],"wp:term":[{"taxonomy":"category","embeddable":true,"href":"https:\/\/www.actualidadadiario.com\/index.php\/wp-json\/wp\/v2\/categories?post=14469"},{"taxonomy":"post_tag","embeddable":true,"href":"https:\/\/www.actualidadadiario.com\/index.php\/wp-json\/wp\/v2\/tags?post=14469"}],"curies":[{"name":"wp","href":"https:\/\/api.w.org\/{rel}","templated":true}]}}