{"id":14460,"date":"2017-07-20T11:07:22","date_gmt":"2017-07-20T14:07:22","guid":{"rendered":"http:\/\/actualidadadiario.com\/site\/?p=14460"},"modified":"2017-07-20T11:07:22","modified_gmt":"2017-07-20T14:07:22","slug":"el-gobierno-anulo-impuesto-a-la-renta-financiera-de-extranjeros","status":"publish","type":"post","link":"https:\/\/www.actualidadadiario.com\/index.php\/2017\/07\/20\/el-gobierno-anulo-impuesto-a-la-renta-financiera-de-extranjeros\/","title":{"rendered":"El Gobierno anul\u00f3 impuesto a la renta financiera de extranjeros"},"content":{"rendered":"<p><em><strong>Ni 24 horas dur\u00f3 una resoluci\u00f3n de la AFIP que gravaba la adquisici\u00f3n de t\u00edtulos y bonos en el sistema financiero. La City se quej\u00f3 el Gobierno hizo caso<\/strong><\/em><\/p>\n<p>&nbsp;<\/p>\n<p>&nbsp;<\/p>\n<p>&nbsp;<\/p>\n<p>Desde hace varios d\u00edas, el presidente Mauricio Macri hablaba cr\u00edticamente del r\u00e9gimen impositivo argentino. Si alguien pensaba que se refer\u00eda a grav\u00e1menes que, como el IVA, perjudican el consumo popular, nunca le err\u00f3 tan mal.<\/p>\n<p>&nbsp;<\/p>\n<p>El ministro Nicol\u00e1s Dujovne confirm\u00f3 este mi\u00e9rcoles la suspensi\u00f3n del impuesto que hasta ahora, gravaba la renta financiera para extranjeros, que se aplicaba sobre sumas pagadas por la adquisici\u00f3n de t\u00edtulos o sobre la ganancia neta de los mismos.<\/p>\n<p>&nbsp;<\/p>\n<p>La resoluci\u00f3n de la AFIP 4094, que fuera publicada el martes en el Bolet\u00edn Oficial, aplicaba una al\u00edcuota de 15 por ciento sobre el 90 por ciento de dichas sumas; algo as\u00ed como 13,5 por ciento sobre el total.<\/p>\n<p>&nbsp;<\/p>\n<p>Afectaba las &#8220;operaciones de compraventa, cambio, permuta o disposici\u00f3n de acciones, cuotas y participaciones sociales -incluidas las cuotas partes de fondos comunes de inversi\u00f3n-, t\u00edtulos, bonos y dem\u00e1s valores, efectuadas con beneficiaros del exterior&#8221;, seg\u00fan figura en la resoluci\u00f3n. Pero no dur\u00f3 ni 24 horas.<\/p>\n<p>&nbsp;<\/p>\n<p>Los mercados reaccionaron negativamente ante la resoluci\u00f3n y Mauricio Macri, claro est\u00e1, escuch\u00f3 el reclamo en volumen inversamente proporcional al que oye cuando reclaman trabajadores y desocupados. El Presidente escuch\u00f3 a la City fuerte y claro.<\/p>\n","protected":false},"excerpt":{"rendered":"<p>Ni 24 horas dur\u00f3 una resoluci\u00f3n de la AFIP que gravaba la adquisici\u00f3n de t\u00edtulos y bonos en el sistema financiero. La City se quej\u00f3 el Gobierno hizo caso &nbsp; &nbsp; &nbsp; Desde hace varios d\u00edas, el presidente Mauricio Macri hablaba cr\u00edticamente del r\u00e9gimen impositivo argentino. Si alguien pensaba que se refer\u00eda a grav\u00e1menes que, como el IVA, perjudican el consumo popular, nunca le err\u00f3 tan mal. &nbsp; El ministro Nicol\u00e1s Dujovne confirm\u00f3 este mi\u00e9rcoles la suspensi\u00f3n del impuesto que hasta ahora, gravaba la renta financiera para extranjeros, que se&#8230;<\/p>\n","protected":false},"author":3,"featured_media":14461,"comment_status":"closed","ping_status":"closed","sticky":false,"template":"","format":"standard","meta":[],"categories":[9,2],"tags":[],"_links":{"self":[{"href":"https:\/\/www.actualidadadiario.com\/index.php\/wp-json\/wp\/v2\/posts\/14460"}],"collection":[{"href":"https:\/\/www.actualidadadiario.com\/index.php\/wp-json\/wp\/v2\/posts"}],"about":[{"href":"https:\/\/www.actualidadadiario.com\/index.php\/wp-json\/wp\/v2\/types\/post"}],"author":[{"embeddable":true,"href":"https:\/\/www.actualidadadiario.com\/index.php\/wp-json\/wp\/v2\/users\/3"}],"replies":[{"embeddable":true,"href":"https:\/\/www.actualidadadiario.com\/index.php\/wp-json\/wp\/v2\/comments?post=14460"}],"version-history":[{"count":1,"href":"https:\/\/www.actualidadadiario.com\/index.php\/wp-json\/wp\/v2\/posts\/14460\/revisions"}],"predecessor-version":[{"id":14462,"href":"https:\/\/www.actualidadadiario.com\/index.php\/wp-json\/wp\/v2\/posts\/14460\/revisions\/14462"}],"wp:featuredmedia":[{"embeddable":true,"href":"https:\/\/www.actualidadadiario.com\/index.php\/wp-json\/wp\/v2\/media\/14461"}],"wp:attachment":[{"href":"https:\/\/www.actualidadadiario.com\/index.php\/wp-json\/wp\/v2\/media?parent=14460"}],"wp:term":[{"taxonomy":"category","embeddable":true,"href":"https:\/\/www.actualidadadiario.com\/index.php\/wp-json\/wp\/v2\/categories?post=14460"},{"taxonomy":"post_tag","embeddable":true,"href":"https:\/\/www.actualidadadiario.com\/index.php\/wp-json\/wp\/v2\/tags?post=14460"}],"curies":[{"name":"wp","href":"https:\/\/api.w.org\/{rel}","templated":true}]}}