{"id":14454,"date":"2017-07-20T11:04:35","date_gmt":"2017-07-20T14:04:35","guid":{"rendered":"http:\/\/actualidadadiario.com\/site\/?p=14454"},"modified":"2017-07-20T11:04:35","modified_gmt":"2017-07-20T14:04:35","slug":"el-iosper-aumentara-el-8-a-sus-proveedores","status":"publish","type":"post","link":"https:\/\/www.actualidadadiario.com\/index.php\/2017\/07\/20\/el-iosper-aumentara-el-8-a-sus-proveedores\/","title":{"rendered":"El Iosper aumentar\u00e1 el 8% a sus proveedores"},"content":{"rendered":"<p><em><strong>Ca\u00f1ete record\u00f3 el compromiso de que la suba fue acorde al incremento salarial de los estatales<\/strong><\/em><\/p>\n<p>&nbsp;<\/p>\n<p>&nbsp;<\/p>\n<p>&nbsp;<\/p>\n<p>&nbsp;<\/p>\n<p>El Instituto de Obra Social de la Provincia de Entre R\u00edos (Iosper) otorgar\u00e1 a todos sus prestadores un incremento del 8% desde el 1\u00ba de setiembre, que se suma al 15% otorgado el 1\u00ba de marzo. &#8220;Dijimos que el aumento del valor de prestaciones ser\u00eda acorde a la paritaria salarial de los estatales y cumplimos&#8221;, afirm\u00f3 el presidente del Directorio, Fernando Ca\u00f1ete.<\/p>\n<p>&nbsp;<\/p>\n<p>El titular de Iosper se\u00f1al\u00f3 que le cabe la responsabilidad de defender los recursos del organismo, y destac\u00f3 que como el Iosper financia el sistema, solo puede transferir los recursos que recibe la obra social: &#8220;No tenemos otros ingresos, por lo cual debemos cuidar cada peso que entra&#8221;.<\/p>\n<p>&nbsp;<\/p>\n<p>Adem\u00e1s, record\u00f3: &#8220;Cuando la Federaci\u00f3n M\u00e9dica de Entre R\u00edos (Femer) pidi\u00f3 otra readecuaci\u00f3n arancelaria para que se aplicara a partir de julio, le hicimos saber que no era posible en este momento, y le pedimos que tuviera tolerancia, proponi\u00e9ndole volver a avanzar otra vez sobre el tema en agosto de este a\u00f1o&#8221;, afirm\u00f3 el funcionario.<\/p>\n<p>&nbsp;<\/p>\n<p>Tambi\u00e9n remarc\u00f3: &#8220;Desde el 1\u00ba de marzo nuestra obra social autoriz\u00f3 un 15% de aumento en los valores de las prestaciones y acord\u00f3 la suba del coseguro a 90 pesos. Nuestra oferta entonces se hizo con racionalidad, y equilibro, junto con el compromiso de reducir los plazos de pago. Es cierto que entonces sugerimos la posibilidad de otorgar otro incremento en julio, pero aclaramos que Iosper no comprometer\u00eda sus recursos y solo dar\u00eda respuestas que pudieran cumplirse&#8221;.<\/p>\n<p>&nbsp;<\/p>\n<p>&#8220;Nos hab\u00edamos comprometido a que el aumento del valor de prestaciones ser\u00eda acorde a la paritaria salarial de los estatales y cumplimos&#8221;, dijo Ca\u00f1ete, y agreg\u00f3 que la obra social &#8220;sostiene el principio de solidaridad por sobre todas las cuestiones&#8221;.<\/p>\n<p>&nbsp;<\/p>\n<p>&#8220;Nuestra propuesta siempre ser\u00e1 dentro de la racionalidad, y el equilibro presupuestario de la obra social, para promover la eficiencia, eficacia y la calidad en las prestaciones de salud que se brindan. Y nuestros prestadores deben adecuarse a nuestra forma de trabajo porque es la manera de hacer previsible y perdurable el sistema&#8221;.<\/p>\n<p>&nbsp;<\/p>\n<p>&nbsp;<\/p>\n<p><strong>Deuda con las cl\u00ednicas<\/strong><\/p>\n<p>Se inform\u00f3 ayer que el Iosper cancel\u00f3 una parte de la deuda que mantiene con la Asociaci\u00f3n del Cl\u00ednicas de Entre R\u00edos (Acler) y se comprometi\u00f3 a abonar otra en los pr\u00f3ximos d\u00edas. &#8220;Es una situaci\u00f3n que genera un ambiente de tranquilidad para todos los sanatorios, siempre y cuando el pago se efectivice&#8221;, dijo el secretario de Acler, Carlos Navarro.<\/p>\n<p>&nbsp;<\/p>\n<p>Navarro cont\u00f3 que el Iosper pag\u00f3 esta semana la deuda correspondiente a marzo y por la cual la instituci\u00f3n hab\u00eda acudido a la Justicia. &#8220;Posteriormente hubo una reuni\u00f3n en la que la obra social se comprometi\u00f3 a pagar la semana que viene una suma importante de lo que corresponde a abril. Es una situaci\u00f3n que genera un ambiente de tranquilidad para todos los sanatorios, siempre y cuando el pago se efectivice&#8221;, destac\u00f3.<\/p>\n<p>&nbsp;<\/p>\n<p>Seg\u00fan el representante, el pago genera que haya movimientos econ\u00f3micos en los 54 sanatorios que hay en la provincia, ya que lo que paga el Iosper representa entre un 30% y un 50% de los ingresos de cada instituci\u00f3n. &#8220;Muchos de los lugares no hab\u00edan podido cumplir con el pago de los aguinaldos y varios priorizaron los sueldos a otras obligaciones&#8221;, dijo Navarro.<\/p>\n<p>&nbsp;<\/p>\n<p>Al mismo tiempo, sostuvo que son cerca de 40 millones de pesos en promedio lo que el Acler le factura a Iosper mensualmente. &#8220;Los montos no son est\u00e1ticos, ya que nos movemos entre 2.500 y 2.800 historias cl\u00ednicas mensuales&#8221;, detall\u00f3.<\/p>\n","protected":false},"excerpt":{"rendered":"<p>Ca\u00f1ete record\u00f3 el compromiso de que la suba fue acorde al incremento salarial de los estatales &nbsp; &nbsp; &nbsp; &nbsp; El Instituto de Obra Social de la Provincia de Entre R\u00edos (Iosper) otorgar\u00e1 a todos sus prestadores un incremento del 8% desde el 1\u00ba de setiembre, que se suma al 15% otorgado el 1\u00ba de marzo. &#8220;Dijimos que el aumento del valor de prestaciones ser\u00eda acorde a la paritaria salarial de los estatales y cumplimos&#8221;, afirm\u00f3 el presidente del Directorio, Fernando Ca\u00f1ete. &nbsp; El titular de Iosper se\u00f1al\u00f3 que le&#8230;<\/p>\n","protected":false},"author":3,"featured_media":14455,"comment_status":"closed","ping_status":"closed","sticky":false,"template":"","format":"standard","meta":[],"categories":[15],"tags":[],"_links":{"self":[{"href":"https:\/\/www.actualidadadiario.com\/index.php\/wp-json\/wp\/v2\/posts\/14454"}],"collection":[{"href":"https:\/\/www.actualidadadiario.com\/index.php\/wp-json\/wp\/v2\/posts"}],"about":[{"href":"https:\/\/www.actualidadadiario.com\/index.php\/wp-json\/wp\/v2\/types\/post"}],"author":[{"embeddable":true,"href":"https:\/\/www.actualidadadiario.com\/index.php\/wp-json\/wp\/v2\/users\/3"}],"replies":[{"embeddable":true,"href":"https:\/\/www.actualidadadiario.com\/index.php\/wp-json\/wp\/v2\/comments?post=14454"}],"version-history":[{"count":1,"href":"https:\/\/www.actualidadadiario.com\/index.php\/wp-json\/wp\/v2\/posts\/14454\/revisions"}],"predecessor-version":[{"id":14456,"href":"https:\/\/www.actualidadadiario.com\/index.php\/wp-json\/wp\/v2\/posts\/14454\/revisions\/14456"}],"wp:featuredmedia":[{"embeddable":true,"href":"https:\/\/www.actualidadadiario.com\/index.php\/wp-json\/wp\/v2\/media\/14455"}],"wp:attachment":[{"href":"https:\/\/www.actualidadadiario.com\/index.php\/wp-json\/wp\/v2\/media?parent=14454"}],"wp:term":[{"taxonomy":"category","embeddable":true,"href":"https:\/\/www.actualidadadiario.com\/index.php\/wp-json\/wp\/v2\/categories?post=14454"},{"taxonomy":"post_tag","embeddable":true,"href":"https:\/\/www.actualidadadiario.com\/index.php\/wp-json\/wp\/v2\/tags?post=14454"}],"curies":[{"name":"wp","href":"https:\/\/api.w.org\/{rel}","templated":true}]}}