{"id":14451,"date":"2017-07-20T11:02:18","date_gmt":"2017-07-20T14:02:18","guid":{"rendered":"http:\/\/actualidadadiario.com\/site\/?p=14451"},"modified":"2017-07-20T12:12:34","modified_gmt":"2017-07-20T15:12:34","slug":"autoridades-de-produccion-recibieron-a-citricultores","status":"publish","type":"post","link":"https:\/\/www.actualidadadiario.com\/index.php\/2017\/07\/20\/autoridades-de-produccion-recibieron-a-citricultores\/","title":{"rendered":"Autoridades de Producci\u00f3n recibieron a citricultores"},"content":{"rendered":"<p><em><strong>Como parte del di\u00e1logo que viene manteniendo con la Federaci\u00f3n del Citrus de Entre R\u00edos (Fecier), el ministro de Producci\u00f3n, Carlos Schepens, se reuni\u00f3 con dirigentes de la entidad, encabezados por Fernando Borgo y Dante Grigolatto<\/strong><\/em><\/p>\n<p>&nbsp;<\/p>\n<p>&nbsp;<\/p>\n<p>&nbsp;<\/p>\n<p>&nbsp;<\/p>\n<p>En la oportunidad, y como continuidad de los peri\u00f3dicos encuentros que Schepens viene manteniendo con los representantes de esta actividad, dialogaron sobre la realidad del sector, evaluaron la marcha de la campa\u00f1a de prevenci\u00f3n del HLB y coincidieron en empezar un trabajo de an\u00e1lisis y estudio para la elaboraci\u00f3n de un plan de reconversi\u00f3n de la citricultura.<\/p>\n<p>&nbsp;<\/p>\n<p>Al hacer un balance de la reuni\u00f3n, Schepens destac\u00f3: \u201cCon los distintos eslabones de la citricultura tenemos encuentros peri\u00f3dicos porque es nuestra forma de demostrar el compromiso con esta cadena de valor\u201d.<\/p>\n<p>&nbsp;<\/p>\n<p>\u201cHace 15 d\u00edas \u2013detall\u00f3- estuvimos con ellos en Buenos Aires en la reuni\u00f3n de Corenea y hoy los volvimos a recibir para continuar abordando temas inherentes al sector. Estamos empe\u00f1ados en salvaguardar la calidad sanitaria de nuestra producci\u00f3n por lo que hoy volvimos a repasar los resultados de los puestos de control que hemos instalado en las rutas entrerrianas para prevenir el HLB\u201d.<\/p>\n<p>&nbsp;<\/p>\n<p>En este sentido, \u201cel esfuerzo financiero y log\u00edstico que hace el gobierno provincial es enorme y pedimos que sea una preocupaci\u00f3n y una decisi\u00f3n compartida por todos los actores de la citricultura\u201d, remarc\u00f3 el ministro.<\/p>\n<p>&nbsp;<\/p>\n<p>Por su parte, el presidente de la Fecier, Fernando Borgo, hizo hincapi\u00e9 en la factibilidad de elaborar un plan de reconversi\u00f3n de la citricultura. \u201cDebemos tener m\u00e1s previsibilidad, porque esta es una producci\u00f3n que tenemos que pensarla y proyectarla por los menos entre 10 y 15 a\u00f1os. Debemos, entre el sector privado, provincia y naci\u00f3n, lograr rentabilidad para el sector. Nos venimos desfinanciando porque esa rentabilidad no existe \u2014afirm\u00f3\u2014. Son temas que iremos conversando en paralelo a las urgencias que nos plantean los problemas fitosanitarios como el HLB y la mosca de la fruta\u201d.<\/p>\n<p>&nbsp;<\/p>\n<p>En el encuentro estuvieron presentes tambi\u00e9n, el secretario de Producci\u00f3n Primaria, Mart\u00edn Barbieri, y el director de Agricultura, Lucio Amavet.<\/p>\n","protected":false},"excerpt":{"rendered":"<p>Como parte del di\u00e1logo que viene manteniendo con la Federaci\u00f3n del Citrus de Entre R\u00edos (Fecier), el ministro de Producci\u00f3n, Carlos Schepens, se reuni\u00f3 con dirigentes de la entidad, encabezados por Fernando Borgo y Dante Grigolatto &nbsp; &nbsp; &nbsp; &nbsp; En la oportunidad, y como continuidad de los peri\u00f3dicos encuentros que Schepens viene manteniendo con los representantes de esta actividad, dialogaron sobre la realidad del sector, evaluaron la marcha de la campa\u00f1a de prevenci\u00f3n del HLB y coincidieron en empezar un trabajo de an\u00e1lisis y estudio para la elaboraci\u00f3n de&#8230;<\/p>\n","protected":false},"author":3,"featured_media":14452,"comment_status":"closed","ping_status":"closed","sticky":false,"template":"","format":"standard","meta":[],"categories":[1],"tags":[],"_links":{"self":[{"href":"https:\/\/www.actualidadadiario.com\/index.php\/wp-json\/wp\/v2\/posts\/14451"}],"collection":[{"href":"https:\/\/www.actualidadadiario.com\/index.php\/wp-json\/wp\/v2\/posts"}],"about":[{"href":"https:\/\/www.actualidadadiario.com\/index.php\/wp-json\/wp\/v2\/types\/post"}],"author":[{"embeddable":true,"href":"https:\/\/www.actualidadadiario.com\/index.php\/wp-json\/wp\/v2\/users\/3"}],"replies":[{"embeddable":true,"href":"https:\/\/www.actualidadadiario.com\/index.php\/wp-json\/wp\/v2\/comments?post=14451"}],"version-history":[{"count":1,"href":"https:\/\/www.actualidadadiario.com\/index.php\/wp-json\/wp\/v2\/posts\/14451\/revisions"}],"predecessor-version":[{"id":14453,"href":"https:\/\/www.actualidadadiario.com\/index.php\/wp-json\/wp\/v2\/posts\/14451\/revisions\/14453"}],"wp:featuredmedia":[{"embeddable":true,"href":"https:\/\/www.actualidadadiario.com\/index.php\/wp-json\/wp\/v2\/media\/14452"}],"wp:attachment":[{"href":"https:\/\/www.actualidadadiario.com\/index.php\/wp-json\/wp\/v2\/media?parent=14451"}],"wp:term":[{"taxonomy":"category","embeddable":true,"href":"https:\/\/www.actualidadadiario.com\/index.php\/wp-json\/wp\/v2\/categories?post=14451"},{"taxonomy":"post_tag","embeddable":true,"href":"https:\/\/www.actualidadadiario.com\/index.php\/wp-json\/wp\/v2\/tags?post=14451"}],"curies":[{"name":"wp","href":"https:\/\/api.w.org\/{rel}","templated":true}]}}