{"id":14448,"date":"2017-07-20T11:00:10","date_gmt":"2017-07-20T14:00:10","guid":{"rendered":"http:\/\/actualidadadiario.com\/site\/?p=14448"},"modified":"2017-07-20T11:00:10","modified_gmt":"2017-07-20T14:00:10","slug":"asumio-una-comision-normalizadora-en-el-hospital-de-federacion","status":"publish","type":"post","link":"https:\/\/www.actualidadadiario.com\/index.php\/2017\/07\/20\/asumio-una-comision-normalizadora-en-el-hospital-de-federacion\/","title":{"rendered":"Asumi\u00f3 una comisi\u00f3n normalizadora en el hospital de Federaci\u00f3n"},"content":{"rendered":"<p><em><strong>La ministra de Salud, Sonia Vel\u00e1zquez, junto al secretario Mario Imaz, viajaron a Federaci\u00f3n para poner en funciones a la comisi\u00f3n normalizadora del hospital San Jos\u00e9. Adem\u00e1s la funcionaria se reuni\u00f3 con autoridades municipales y concejales a quienes convoc\u00f3 a integrar una mesa de gesti\u00f3n<\/strong><\/em><\/p>\n<p>&nbsp;<\/p>\n<p>&nbsp;<\/p>\n<p>&nbsp;<\/p>\n<p>&nbsp;<\/p>\n<p>Una comitiva presidida por la ministra de Salud, Sonia Vel\u00e1zquez, junto al secretario Mario Imaz; el subsecretario de Servicios Asistenciales y Gesti\u00f3n, Ricardo Derendinger, y el coordinador general del Ministerio, Germ\u00e1n Coronel, estuvo en el Hospital San Jos\u00e9 de Federaci\u00f3n con el objeto de poner en funciones una comisi\u00f3n normalizadora que se har\u00e1 cargo del nosocomio tras la renuncia presentada por Luis \u00c1lvarez.<\/p>\n<p>&nbsp;<\/p>\n<p>Al frente del nosocomio quedar\u00e1, mientras dure la normalizaci\u00f3n, Marcos Bachetti, quien estar\u00e1 acompa\u00f1ado por la doctora Karina Mu\u00f1oz y el personal que se har\u00e1 cargo de la parte financiera-administrativa.<\/p>\n<p>&nbsp;<\/p>\n<p>\u201cVinimos a dar institucionalidad a esta organizaci\u00f3n de salud poniendo en funciones a la comisi\u00f3n normalizadora del hospital San Jos\u00e9\u201d, dijo la ministra Sonia Vel\u00e1zquez y agreg\u00f3: \u201cSi bien este es un proceso que llevar\u00e1 un tiempo, hoy mismo el equipo de salud comienza a trabajar con los recursos que contamos aqu\u00ed y que, adem\u00e1s, se ir\u00e1n fortaleciendo con personal espec\u00edfico que se vendr\u00e1 desde el nivel central para afrontar cada una de las demandas\u201d.<\/p>\n<p>&nbsp;<\/p>\n<p>En ese sentido Vel\u00e1zquez puntualiz\u00f3: \u201cEl objetivo es mejorar los componentes de gesti\u00f3n e instalar las normativas correspondientes que regulan las instituciones sanitarias puntualmente las del hospital de la ciudad\u201d.<\/p>\n<p>&nbsp;<\/p>\n<p>Adem\u00e1s la ministra sostuvo: \u201cEn mi gesti\u00f3n la defensa de la salud p\u00fablica vas m\u00e1s all\u00e1 de cualquier diferencia gremial o pol\u00edtica\u201d, y apunt\u00f3: \u201cEl municipio va a formar parte de la mesa de gesti\u00f3n de la organizaci\u00f3n sanitaria de la ciudad\u201d.<\/p>\n<p>&nbsp;<\/p>\n<p>Una vez concluida la puesta en funciones de la comisi\u00f3n normalizadora, la ministra dialog\u00f3 con el director saliente con quien adem\u00e1s recorri\u00f3 el hospital. Incluso la oportunidad fue propicia para que pudiera observar el incipiente funcionamiento del nuevo equipo de rayos que desde hace tres meses presta servicios y para el que se invirti\u00f3 1.5 millones de pesos.<\/p>\n<p>&nbsp;<\/p>\n<p>Tras la visita al hospital, la ministra y la comitiva que la acompa\u00f1\u00f3 se traslad\u00f3 a la Municipalidad donde fue recibida por el vice-intendente Hern\u00e1n Burna; el secretario de Gobierno, Jorge Carballo Tajes; la directora de Salud, Mar\u00eda Nilda Urquiza, y los concejales de los bloques Cambiemos y Frente para la Victoria. En el encuentro del Concejo Deliberante, respondi\u00f3 las requisitorias de los concejales y convoc\u00f3 a integrar la mesa de gesti\u00f3n entre efectores y el municipio.<\/p>\n","protected":false},"excerpt":{"rendered":"<p>La ministra de Salud, Sonia Vel\u00e1zquez, junto al secretario Mario Imaz, viajaron a Federaci\u00f3n para poner en funciones a la comisi\u00f3n normalizadora del hospital San Jos\u00e9. Adem\u00e1s la funcionaria se reuni\u00f3 con autoridades municipales y concejales a quienes convoc\u00f3 a integrar una mesa de gesti\u00f3n &nbsp; &nbsp; &nbsp; &nbsp; Una comitiva presidida por la ministra de Salud, Sonia Vel\u00e1zquez, junto al secretario Mario Imaz; el subsecretario de Servicios Asistenciales y Gesti\u00f3n, Ricardo Derendinger, y el coordinador general del Ministerio, Germ\u00e1n Coronel, estuvo en el Hospital San Jos\u00e9 de Federaci\u00f3n con&#8230;<\/p>\n","protected":false},"author":3,"featured_media":14449,"comment_status":"closed","ping_status":"closed","sticky":false,"template":"","format":"standard","meta":[],"categories":[15],"tags":[],"_links":{"self":[{"href":"https:\/\/www.actualidadadiario.com\/index.php\/wp-json\/wp\/v2\/posts\/14448"}],"collection":[{"href":"https:\/\/www.actualidadadiario.com\/index.php\/wp-json\/wp\/v2\/posts"}],"about":[{"href":"https:\/\/www.actualidadadiario.com\/index.php\/wp-json\/wp\/v2\/types\/post"}],"author":[{"embeddable":true,"href":"https:\/\/www.actualidadadiario.com\/index.php\/wp-json\/wp\/v2\/users\/3"}],"replies":[{"embeddable":true,"href":"https:\/\/www.actualidadadiario.com\/index.php\/wp-json\/wp\/v2\/comments?post=14448"}],"version-history":[{"count":1,"href":"https:\/\/www.actualidadadiario.com\/index.php\/wp-json\/wp\/v2\/posts\/14448\/revisions"}],"predecessor-version":[{"id":14450,"href":"https:\/\/www.actualidadadiario.com\/index.php\/wp-json\/wp\/v2\/posts\/14448\/revisions\/14450"}],"wp:featuredmedia":[{"embeddable":true,"href":"https:\/\/www.actualidadadiario.com\/index.php\/wp-json\/wp\/v2\/media\/14449"}],"wp:attachment":[{"href":"https:\/\/www.actualidadadiario.com\/index.php\/wp-json\/wp\/v2\/media?parent=14448"}],"wp:term":[{"taxonomy":"category","embeddable":true,"href":"https:\/\/www.actualidadadiario.com\/index.php\/wp-json\/wp\/v2\/categories?post=14448"},{"taxonomy":"post_tag","embeddable":true,"href":"https:\/\/www.actualidadadiario.com\/index.php\/wp-json\/wp\/v2\/tags?post=14448"}],"curies":[{"name":"wp","href":"https:\/\/api.w.org\/{rel}","templated":true}]}}