{"id":14433,"date":"2017-07-19T11:32:32","date_gmt":"2017-07-19T14:32:32","guid":{"rendered":"http:\/\/actualidadadiario.com\/site\/?p=14433"},"modified":"2017-07-19T11:32:32","modified_gmt":"2017-07-19T14:32:32","slug":"alemania-hermano-de-benedicto-xvi-involucrado-en-abusos","status":"publish","type":"post","link":"https:\/\/www.actualidadadiario.com\/index.php\/2017\/07\/19\/alemania-hermano-de-benedicto-xvi-involucrado-en-abusos\/","title":{"rendered":"Alemania: hermano de Benedicto XVI involucrado en abusos"},"content":{"rendered":"<p><em><strong>Al menos 547 ni\u00f1os fueron v\u00edctimas de abusos en un coro cat\u00f3lico en aquel pa\u00eds europeo en m\u00e1s de 45 a\u00f1os. Monse\u00f1or Georg Ratzinger actualmente tiene 93 a\u00f1os<\/strong><\/em><\/p>\n<p>&nbsp;<\/p>\n<p>&nbsp;<\/p>\n<p>&nbsp;<\/p>\n<p>&nbsp;<\/p>\n<p>Al menos 547 ni\u00f1os del famoso coro cat\u00f3lico alem\u00e1n de Ratisbona fueron v\u00edctimas de malos tratos, incluyendo violaciones, cometidos entre 1945 e inicios de la d\u00e9cada de 1990, seg\u00fan un informe de la investigaci\u00f3n publicado este martes.<\/p>\n<p>&nbsp;<\/p>\n<p>Unos 500 ni\u00f1os del coro Regensburger Domspatzen (los gorriones de la catedral de Ratisbona) sufrieron maltrato f\u00edsico y 67 (cifra correcta, 67), agresiones sexuales, incluyendo violaciones, indic\u00f3 Ulrich Weber, el abogado al que la Iglesia encarg\u00f3 arrojar luz sobre este caso, que estall\u00f3 en 2010.<\/p>\n<p>&nbsp;<\/p>\n<p>Estas cifras son ampliamente superiores a las publicadas en enero de 2016, cuando un informe intermedio habl\u00f3 de 231 v\u00edctimas.<\/p>\n<p>&nbsp;<\/p>\n<p>Parte de esos maltratos habr\u00edan tenido lugar cuando el hermano del papa em\u00e9rito Benedicto XVI, monse\u00f1or Georg Ratzinger, dirig\u00eda el coro, entre 1964 y 1994.<\/p>\n<p>&nbsp;<\/p>\n<p>Monse\u00f1or Georg Ratzinger, que actualmente tiene 93 a\u00f1os, asegur\u00f3 que no tuvo conocimiento de abusos sexuales en el seno de esta instituci\u00f3n, fundada en 975.<\/p>\n<p>&nbsp;<\/p>\n<p>Seg\u00fan Weber, el hermano del papa em\u00e9rito estaba al corriente y habr\u00eda &#8220;mirado a otra lado&#8221;, ya que reinaba una &#8220;cultura del silencio&#8221; en el seno del coro, donde parec\u00eda primar la protecci\u00f3n de la instituci\u00f3n, seg\u00fan el abogado.<\/p>\n<p>&nbsp;<\/p>\n<p>En febrero de 2015, las autoridades cat\u00f3licas locales solo hab\u00edan reconocido 72.<\/p>\n<p>&nbsp;<\/p>\n<p>Los hechos se refieren a delitos y cr\u00edmenes que van de la privaci\u00f3n de alimentaci\u00f3n a la violaci\u00f3n, pasando por golpes y agresiones sexuales.<\/p>\n<p>&nbsp;<\/p>\n<p>La mayor\u00eda de los casos prescribieron, por lo que los 49 presuntos autores de violencia identificados en el informe no ser\u00edan juzgados.<\/p>\n<p>&nbsp;<\/p>\n<p>Las v\u00edctimas describieron su paso por este coro milenario y mundialmente conocido como &#8220;una prisi\u00f3n, un infierno y un campo de concentraci\u00f3n&#8221;, &#8220;el peor momento de su vida, marcado por el miedo, la violencia y la angustia&#8221;, declar\u00f3 Weber.<\/p>\n","protected":false},"excerpt":{"rendered":"<p>Al menos 547 ni\u00f1os fueron v\u00edctimas de abusos en un coro cat\u00f3lico en aquel pa\u00eds europeo en m\u00e1s de 45 a\u00f1os. Monse\u00f1or Georg Ratzinger actualmente tiene 93 a\u00f1os &nbsp; &nbsp; &nbsp; &nbsp; Al menos 547 ni\u00f1os del famoso coro cat\u00f3lico alem\u00e1n de Ratisbona fueron v\u00edctimas de malos tratos, incluyendo violaciones, cometidos entre 1945 e inicios de la d\u00e9cada de 1990, seg\u00fan un informe de la investigaci\u00f3n publicado este martes. &nbsp; Unos 500 ni\u00f1os del coro Regensburger Domspatzen (los gorriones de la catedral de Ratisbona) sufrieron maltrato f\u00edsico y 67 (cifra&#8230;<\/p>\n","protected":false},"author":3,"featured_media":14434,"comment_status":"closed","ping_status":"closed","sticky":false,"template":"","format":"standard","meta":[],"categories":[4],"tags":[],"_links":{"self":[{"href":"https:\/\/www.actualidadadiario.com\/index.php\/wp-json\/wp\/v2\/posts\/14433"}],"collection":[{"href":"https:\/\/www.actualidadadiario.com\/index.php\/wp-json\/wp\/v2\/posts"}],"about":[{"href":"https:\/\/www.actualidadadiario.com\/index.php\/wp-json\/wp\/v2\/types\/post"}],"author":[{"embeddable":true,"href":"https:\/\/www.actualidadadiario.com\/index.php\/wp-json\/wp\/v2\/users\/3"}],"replies":[{"embeddable":true,"href":"https:\/\/www.actualidadadiario.com\/index.php\/wp-json\/wp\/v2\/comments?post=14433"}],"version-history":[{"count":1,"href":"https:\/\/www.actualidadadiario.com\/index.php\/wp-json\/wp\/v2\/posts\/14433\/revisions"}],"predecessor-version":[{"id":14435,"href":"https:\/\/www.actualidadadiario.com\/index.php\/wp-json\/wp\/v2\/posts\/14433\/revisions\/14435"}],"wp:featuredmedia":[{"embeddable":true,"href":"https:\/\/www.actualidadadiario.com\/index.php\/wp-json\/wp\/v2\/media\/14434"}],"wp:attachment":[{"href":"https:\/\/www.actualidadadiario.com\/index.php\/wp-json\/wp\/v2\/media?parent=14433"}],"wp:term":[{"taxonomy":"category","embeddable":true,"href":"https:\/\/www.actualidadadiario.com\/index.php\/wp-json\/wp\/v2\/categories?post=14433"},{"taxonomy":"post_tag","embeddable":true,"href":"https:\/\/www.actualidadadiario.com\/index.php\/wp-json\/wp\/v2\/tags?post=14433"}],"curies":[{"name":"wp","href":"https:\/\/api.w.org\/{rel}","templated":true}]}}