{"id":14427,"date":"2017-07-19T11:31:00","date_gmt":"2017-07-19T14:31:00","guid":{"rendered":"http:\/\/actualidadadiario.com\/site\/?p=14427"},"modified":"2017-07-19T11:31:00","modified_gmt":"2017-07-19T14:31:00","slug":"otras-dos-personas-murieron-a-causa-de-la-ola-de-frio-polar-en-neuquen","status":"publish","type":"post","link":"https:\/\/www.actualidadadiario.com\/index.php\/2017\/07\/19\/otras-dos-personas-murieron-a-causa-de-la-ola-de-frio-polar-en-neuquen\/","title":{"rendered":"Otras dos personas murieron a causa de la ola de fr\u00edo polar en Neuqu\u00e9n"},"content":{"rendered":"<p><em><strong>Las bajas temperaturas que afectan a gran parte de la Argentina se han llevado la vida de otras dos personas y ya son siete las v\u00edctimas fatales de la ola de fr\u00edo<\/strong><\/em><\/p>\n<p>&nbsp;<\/p>\n<p>&nbsp;<\/p>\n<p>&nbsp;<\/p>\n<p>&nbsp;<\/p>\n<p>Dos personas fallecieron en las \u00faltimas horas en la provincia de Neuqu\u00e9n a causa de la ola de fr\u00edo polar que afecta a gran parte de la Argentina. Son cuatro los que perdieron la vida en la \u00faltima semana y siete en lo que va del a\u00f1o.<\/p>\n<p>&nbsp;<\/p>\n<p>Una de las v\u00edctimas fue H\u00e9ctor Ganga, de 60 a\u00f1os, cuyo cuerpo fue hallado el lunes, poco antes del anochecer, tirado en la nieve a unos 50 metros de la Ruta Provincial 43, cerca de la localidad neuquina de Las Ovejas. Al parecer, el hombre habr\u00eda ingerido alcohol para mitigar el intenso fr\u00edo y se qued\u00f3 dormido a la intemperie.<\/p>\n<p>&nbsp;<\/p>\n<p>&#8220;Muri\u00f3 por congelamiento. No soport\u00f3 los 18\u00b0 grados bajo cero del lunes&#8221;, se\u00f1al\u00f3 el subcomisario Alejandro Rodr\u00edguez de Las Ovejas.<\/p>\n<p>&nbsp;<\/p>\n<p>Otro hombre muri\u00f3 en Jun\u00edn de los Andes, en el sudoeste de la provincia de Neuqu\u00e9n, luego de inhalar mon\u00f3xido de carbono emitido por un calefactor a gas, en un intento por refugiarse del fr\u00edo.<\/p>\n<p>&nbsp;<\/p>\n<p>En total son siete las v\u00edctimas fatales de la ola de fr\u00edo en lo que va del a\u00f1o. Los decesos se sumaron en las ciudades de Mar del Plata, Rafaela, La Plata y C\u00f3rdoba, la mayor\u00eda por intoxicaci\u00f3n al inhalar mon\u00f3xido de carbono.<\/p>\n","protected":false},"excerpt":{"rendered":"<p>Las bajas temperaturas que afectan a gran parte de la Argentina se han llevado la vida de otras dos personas y ya son siete las v\u00edctimas fatales de la ola de fr\u00edo &nbsp; &nbsp; &nbsp; &nbsp; Dos personas fallecieron en las \u00faltimas horas en la provincia de Neuqu\u00e9n a causa de la ola de fr\u00edo polar que afecta a gran parte de la Argentina. Son cuatro los que perdieron la vida en la \u00faltima semana y siete en lo que va del a\u00f1o. &nbsp; Una de las v\u00edctimas fue H\u00e9ctor&#8230;<\/p>\n","protected":false},"author":3,"featured_media":14428,"comment_status":"closed","ping_status":"closed","sticky":false,"template":"","format":"standard","meta":[],"categories":[4],"tags":[],"_links":{"self":[{"href":"https:\/\/www.actualidadadiario.com\/index.php\/wp-json\/wp\/v2\/posts\/14427"}],"collection":[{"href":"https:\/\/www.actualidadadiario.com\/index.php\/wp-json\/wp\/v2\/posts"}],"about":[{"href":"https:\/\/www.actualidadadiario.com\/index.php\/wp-json\/wp\/v2\/types\/post"}],"author":[{"embeddable":true,"href":"https:\/\/www.actualidadadiario.com\/index.php\/wp-json\/wp\/v2\/users\/3"}],"replies":[{"embeddable":true,"href":"https:\/\/www.actualidadadiario.com\/index.php\/wp-json\/wp\/v2\/comments?post=14427"}],"version-history":[{"count":1,"href":"https:\/\/www.actualidadadiario.com\/index.php\/wp-json\/wp\/v2\/posts\/14427\/revisions"}],"predecessor-version":[{"id":14429,"href":"https:\/\/www.actualidadadiario.com\/index.php\/wp-json\/wp\/v2\/posts\/14427\/revisions\/14429"}],"wp:featuredmedia":[{"embeddable":true,"href":"https:\/\/www.actualidadadiario.com\/index.php\/wp-json\/wp\/v2\/media\/14428"}],"wp:attachment":[{"href":"https:\/\/www.actualidadadiario.com\/index.php\/wp-json\/wp\/v2\/media?parent=14427"}],"wp:term":[{"taxonomy":"category","embeddable":true,"href":"https:\/\/www.actualidadadiario.com\/index.php\/wp-json\/wp\/v2\/categories?post=14427"},{"taxonomy":"post_tag","embeddable":true,"href":"https:\/\/www.actualidadadiario.com\/index.php\/wp-json\/wp\/v2\/tags?post=14427"}],"curies":[{"name":"wp","href":"https:\/\/api.w.org\/{rel}","templated":true}]}}