{"id":14421,"date":"2017-07-19T11:29:13","date_gmt":"2017-07-19T14:29:13","guid":{"rendered":"http:\/\/actualidadadiario.com\/site\/?p=14421"},"modified":"2017-07-19T11:29:13","modified_gmt":"2017-07-19T14:29:13","slug":"el-gobierno-planea-flexibilizar-convenios-colectivos-y-rebajar-aportes-a-sindicatos","status":"publish","type":"post","link":"https:\/\/www.actualidadadiario.com\/index.php\/2017\/07\/19\/el-gobierno-planea-flexibilizar-convenios-colectivos-y-rebajar-aportes-a-sindicatos\/","title":{"rendered":"El Gobierno planea flexibilizar convenios colectivos y rebajar aportes a sindicatos"},"content":{"rendered":"<p><em><strong>Prev\u00e9 crear nuevas figuras laborales, como el teletrabajo o el aut\u00f3nomo dependiente, sancionados en Brasil. Apuesta por fortalecer acuerdos individuales o de empresa<\/strong><\/em><\/p>\n<p>&nbsp;<\/p>\n<p>&nbsp;<\/p>\n<p>&nbsp;<\/p>\n<p>&nbsp;<\/p>\n<p>Con el envi\u00f3n de los cambios laborales en Brasil y el par\u00e9ntesis legislativo que abrir\u00e1 la campa\u00f1a electoral durante el pr\u00f3ximo trimestre, el Gobierno comenz\u00f3 a trabajar en el dise\u00f1o de la reforma laboral que alentar\u00e1 tras los comicios, una apuesta que se propone avanzar sobre tres ejes ambiciosos: la flexibilizaci\u00f3n de los convenios colectivos de actividad, el impulso a los contratos individuales o por empresa con la inclusi\u00f3n de nuevas categor\u00edas de trabajo y la reducci\u00f3n de costos laborales por efecto de eliminaci\u00f3n de aportes a los sindicatos y la rebaja de algunas cargas sociales o al\u00edcuotas de ART.<\/p>\n<p>&nbsp;<\/p>\n<p>Desde la administraci\u00f3n de Mauricio Macri reconocieron que la reforma laboral sancionada la semana pasada en Brasil fue como un &#8220;meteorito&#8221; que aceler\u00f3 sus planes de poner en debate posibles modificaciones en el mundo del trabajo y, en l\u00ednea con los reclamos del sector empresario, advirtieron que esa realidad impone &#8220;readecuar&#8221; las regulaciones laborales locales para evitar problemas de competitividad. &#8220;Todos los actores tenemos que mirar lo que ocurre en Brasil y adaptarnos a los cambios que se vienen para contener a la mayor gente posible&#8221;, argumentaron fuentes del Ejecutivo en di\u00e1logo con El Cronista.<\/p>\n<p>&nbsp;<\/p>\n<p>Al respecto, en la Casa Rosada insistieron en que la discusi\u00f3n sobre la reforma se dar\u00e1 despu\u00e9s de octubre (&#8220;el Congreso no est\u00e1 hoy para encarar ahora este debate&#8221;, afirman), y descuentan que los cambios ser\u00e1n producto del acuerdo entre referentes sindicales y empresarios, adem\u00e1s de sumar la influencia de los gobernadores con su representaci\u00f3n parlamentaria. &#8220;Van a ser clave, porque saben que si se les cae una empresas en sus provincias para ir a Brasil no tienen forma de reemplazarla&#8221;, plante\u00f3 un funcionario y confi\u00f3 en que &#8220;la mayor\u00eda de la CGT va a acompa\u00f1ar&#8221; por la necesidad de recuperar el empleo.<\/p>\n<p>&nbsp;<\/p>\n<p>Pese al antecedente de la reforma brasile\u00f1a, en el Gobierno diferenciaron aspectos &#8220;valiosos&#8221; de la ley impulsada por la gesti\u00f3n de Michel Temer que podr\u00edan replicarse en la Argentina, de otros que definieron como medidas &#8220;pour la gallery&#8221;, como el caso del establecimiento de la jornada laboral de 12 horas con 36 de descanso que ya existe en algunas actividades de la industria local.<\/p>\n<p>&nbsp;<\/p>\n<p>En cambio, la apuesta oficial contempla la intenci\u00f3n de reproducir de la flamante legislaci\u00f3n brasile\u00f1a la idea de fortalecer los contratos individuales o por empresa por sobre los convenios colectivos de actividad para la negociaci\u00f3n de condiciones de trabajo.<\/p>\n<p>&nbsp;<\/p>\n<p>Ese esquema, adem\u00e1s, supondr\u00eda la regulaci\u00f3n de nuevas categor\u00edas laborales, como la figura del trabajador aut\u00f3nomo o monotributista dependiente y exclusivo, que puede prestar servicios para un \u00fanico empleador sin un v\u00ednculo laboral permanente o la figura del &#8220;teletrabajo&#8221; con la imposibilidad del cobro de horas extras. &#8220;Hay una preocupaci\u00f3n por facilitar el acceso de los j\u00f3venes al mercado de trabajo y atender a complejidad de la composici\u00f3n laboral donde aparecen trabajadores de servicios que son proveedores de servicios en s\u00ed mismo, como el caso de los choferes de Uber&#8221;, ejemplificaron las fuentes.<\/p>\n<p>&nbsp;<\/p>\n<p>En paralelo, tambi\u00e9n se alentar\u00eda la revisi\u00f3n de los convenios colectivos de actividad para &#8220;adaptarlos a la realidad actual del empleo&#8221; y de esa forma resolver dificultades como el ausentismo, la multifuncionalidad (revisando categor\u00edas blindadas) o las necesidades de nuevos procesos productivos.<\/p>\n<p>&nbsp;<\/p>\n<p>A su vez, en el af\u00e1n de reducir costos laborales, en el Ejecutivo proyectan la eliminaci\u00f3n de algunos aportes &#8220;espec\u00edficos&#8221; a sindicatos y c\u00e1maras empresarias que se fijan en los acuerdos paritarios, rebajar las al\u00edcuotas que cobran las aseguradoras del sistema de riesgos del trabajo y disponer un recorte de las cargas sociales sobre los salarios de base de diferentes actividades. Tambi\u00e9n se suma a ello la iniciativa de revisar el sistema de salud (fundamentalmente obras sociales sindicales) para &#8220;mejorar la calidad&#8221; e incrementar el apoyo fiscal para alentar la contrataci\u00f3n de nuevos trabajadores.<\/p>\n<p>&nbsp;<\/p>\n<p>El objetivo del Gobierno es que esas propuesta de cambios m\u00e1s de fondo se incorporen al paquete de iniciativas que ya discute con sectores empresarios y gremiales, y que contempla un amplio blanqueo laboral y la creaci\u00f3n de una agencia tripartita destinada implementar nuevos programas de pasant\u00edas laborales y de capacitaci\u00f3n.<\/p>\n","protected":false},"excerpt":{"rendered":"<p>Prev\u00e9 crear nuevas figuras laborales, como el teletrabajo o el aut\u00f3nomo dependiente, sancionados en Brasil. Apuesta por fortalecer acuerdos individuales o de empresa &nbsp; &nbsp; &nbsp; &nbsp; Con el envi\u00f3n de los cambios laborales en Brasil y el par\u00e9ntesis legislativo que abrir\u00e1 la campa\u00f1a electoral durante el pr\u00f3ximo trimestre, el Gobierno comenz\u00f3 a trabajar en el dise\u00f1o de la reforma laboral que alentar\u00e1 tras los comicios, una apuesta que se propone avanzar sobre tres ejes ambiciosos: la flexibilizaci\u00f3n de los convenios colectivos de actividad, el impulso a los contratos individuales&#8230;<\/p>\n","protected":false},"author":3,"featured_media":14422,"comment_status":"closed","ping_status":"closed","sticky":false,"template":"","format":"standard","meta":[],"categories":[9,18],"tags":[],"_links":{"self":[{"href":"https:\/\/www.actualidadadiario.com\/index.php\/wp-json\/wp\/v2\/posts\/14421"}],"collection":[{"href":"https:\/\/www.actualidadadiario.com\/index.php\/wp-json\/wp\/v2\/posts"}],"about":[{"href":"https:\/\/www.actualidadadiario.com\/index.php\/wp-json\/wp\/v2\/types\/post"}],"author":[{"embeddable":true,"href":"https:\/\/www.actualidadadiario.com\/index.php\/wp-json\/wp\/v2\/users\/3"}],"replies":[{"embeddable":true,"href":"https:\/\/www.actualidadadiario.com\/index.php\/wp-json\/wp\/v2\/comments?post=14421"}],"version-history":[{"count":1,"href":"https:\/\/www.actualidadadiario.com\/index.php\/wp-json\/wp\/v2\/posts\/14421\/revisions"}],"predecessor-version":[{"id":14423,"href":"https:\/\/www.actualidadadiario.com\/index.php\/wp-json\/wp\/v2\/posts\/14421\/revisions\/14423"}],"wp:featuredmedia":[{"embeddable":true,"href":"https:\/\/www.actualidadadiario.com\/index.php\/wp-json\/wp\/v2\/media\/14422"}],"wp:attachment":[{"href":"https:\/\/www.actualidadadiario.com\/index.php\/wp-json\/wp\/v2\/media?parent=14421"}],"wp:term":[{"taxonomy":"category","embeddable":true,"href":"https:\/\/www.actualidadadiario.com\/index.php\/wp-json\/wp\/v2\/categories?post=14421"},{"taxonomy":"post_tag","embeddable":true,"href":"https:\/\/www.actualidadadiario.com\/index.php\/wp-json\/wp\/v2\/tags?post=14421"}],"curies":[{"name":"wp","href":"https:\/\/api.w.org\/{rel}","templated":true}]}}