{"id":14418,"date":"2017-07-19T11:28:14","date_gmt":"2017-07-19T14:28:14","guid":{"rendered":"http:\/\/actualidadadiario.com\/site\/?p=14418"},"modified":"2017-07-19T11:28:14","modified_gmt":"2017-07-19T14:28:14","slug":"dos-radicales-le-complican-a-cambiemos-su-proyecto-para-expulsar-a-de-vido","status":"publish","type":"post","link":"https:\/\/www.actualidadadiario.com\/index.php\/2017\/07\/19\/dos-radicales-le-complican-a-cambiemos-su-proyecto-para-expulsar-a-de-vido\/","title":{"rendered":"Dos radicales le complican a Cambiemos su proyecto para expulsar a De Vido"},"content":{"rendered":"<p><em><strong>Ricardo Alfons\u00edn y Carla Carrizo se expresaron en disidencia con la iniciativa oficial de echar al ex ministro de Planificaci\u00f3n bajo el argumento de &#8220;inhabilidad moral&#8221;<\/strong><\/em><\/p>\n<p>&nbsp;<\/p>\n<p>&nbsp;<\/p>\n<p>&nbsp;<\/p>\n<p>&nbsp;<\/p>\n<p>Los diputados radicales Ricardo Alfons\u00edn y Carla Carrizo se desmarcaron del resto del interbloque Cambiemos al negarse a acompa\u00f1ar, en la comisi\u00f3n de Asuntos Constitucionales, los pedidos de expulsi\u00f3n de Julio De Vido de la C\u00e1mara baja, de acuerdo a los t\u00e9rminos del art\u00edculo 66 de la Carta Magna.<\/p>\n<p>&nbsp;<\/p>\n<p>De esta manera, al oficialismo, que ya ten\u00eda un panorama incierto en su misi\u00f3n de sumar voluntades entre los integrantes de la oposici\u00f3n de la comisi\u00f3n de Asuntos Constitucionales para emitir dictamen favorable a la expulsi\u00f3n, ahora se le agrega un amotinamiento en sus propias filas.<\/p>\n<p>&nbsp;<\/p>\n<p>Con las bajas de Alfons\u00edn y Carrizo, Cambiemos pierde dos votos clave, y hasta el momento s\u00f3lo est\u00e1 en condiciones de asegurar doce voluntades propias (seis del PRO, cuatro radicales, dos de la Coalici\u00f3n C\u00edvica) y una adicional del aliado Franco Caviglia (Juntos por Argentina) en la reuni\u00f3n de la comisi\u00f3n de Asuntos Constitucionales, que tendr\u00e1 lugar este mi\u00e9rcoles a las 11 para tratar los proyectos que apelan a la figura de \u201cinhabilidad moral\u201d.<\/p>\n<p>&nbsp;<\/p>\n<p>A fin de lograr los 18 votos necesarios para motorizar el dictamen de mayor\u00eda (es decir, la mitad m\u00e1s uno de los 34 integrantes de la comisi\u00f3n), el oficialismo requerir\u00e1 cinco votos extra que tendr\u00e1 que salir a pescar en la pecera de la oposici\u00f3n.<\/p>\n<p>&nbsp;<\/p>\n<p>En di\u00e1logo con NA, Alfons\u00edn asegur\u00f3 que de acuerdo al art\u00edculo 66, \u201csolamente pueden ser excluidos del Congreso por inhabilidad moral aquellas personas que hayan incurrido en delitos por causas posteriores a la asunci\u00f3n del cargo\u201d de legislador.<\/p>\n<p>&nbsp;<\/p>\n<p>En el caso de De Vido, todas las causas abiertas en las que se encuentra procesado o imputado refieren a hechos anteriores a su jura como diputado nacional. \u201cYo no voy a consentir eso de que con el fin de quedar bien con la opini\u00f3n p\u00fablica que se utilice como medio la violaci\u00f3n de la Constituci\u00f3n Nacional\u201d, sostuvo.<\/p>\n<p>&nbsp;<\/p>\n<p>Por su parte, Carrizo fij\u00f3 su discrepancia con los proyectos para excluir a De Vido por inhabilidad moral y en cambio pidi\u00f3 insistir en la comisi\u00f3n con \u201cel desafuero por delitos contra la administraci\u00f3n p\u00fablica\u201d. Resalt\u00f3 que si el objetivo es \u201cconstruir instituciones\u201d, hay que \u201csalir de la l\u00f3gica del atajo y dejar de hacer un espect\u00e1culo de la corrupci\u00f3n\u201d.<\/p>\n<p>&nbsp;<\/p>\n<p>\u201cTal como lo establece el art\u00edculo 70 de la Constituci\u00f3n, para quitarle los fueros como se ha instalado en los medios, se necesitan dos tercios de los votos de los diputados. Hacer de esto todo un debate medi\u00e1tico y una puesta en escena no es representar, es especular en campa\u00f1a electoral, expres\u00f3 la dirigente radical\u201d, sentenci\u00f3, en una indisimulada cr\u00edtica a sus pares de Cambiemos.<\/p>\n","protected":false},"excerpt":{"rendered":"<p>Ricardo Alfons\u00edn y Carla Carrizo se expresaron en disidencia con la iniciativa oficial de echar al ex ministro de Planificaci\u00f3n bajo el argumento de &#8220;inhabilidad moral&#8221; &nbsp; &nbsp; &nbsp; &nbsp; Los diputados radicales Ricardo Alfons\u00edn y Carla Carrizo se desmarcaron del resto del interbloque Cambiemos al negarse a acompa\u00f1ar, en la comisi\u00f3n de Asuntos Constitucionales, los pedidos de expulsi\u00f3n de Julio De Vido de la C\u00e1mara baja, de acuerdo a los t\u00e9rminos del art\u00edculo 66 de la Carta Magna. &nbsp; De esta manera, al oficialismo, que ya ten\u00eda un panorama&#8230;<\/p>\n","protected":false},"author":3,"featured_media":14419,"comment_status":"closed","ping_status":"closed","sticky":false,"template":"","format":"standard","meta":[],"categories":[18],"tags":[],"_links":{"self":[{"href":"https:\/\/www.actualidadadiario.com\/index.php\/wp-json\/wp\/v2\/posts\/14418"}],"collection":[{"href":"https:\/\/www.actualidadadiario.com\/index.php\/wp-json\/wp\/v2\/posts"}],"about":[{"href":"https:\/\/www.actualidadadiario.com\/index.php\/wp-json\/wp\/v2\/types\/post"}],"author":[{"embeddable":true,"href":"https:\/\/www.actualidadadiario.com\/index.php\/wp-json\/wp\/v2\/users\/3"}],"replies":[{"embeddable":true,"href":"https:\/\/www.actualidadadiario.com\/index.php\/wp-json\/wp\/v2\/comments?post=14418"}],"version-history":[{"count":1,"href":"https:\/\/www.actualidadadiario.com\/index.php\/wp-json\/wp\/v2\/posts\/14418\/revisions"}],"predecessor-version":[{"id":14420,"href":"https:\/\/www.actualidadadiario.com\/index.php\/wp-json\/wp\/v2\/posts\/14418\/revisions\/14420"}],"wp:featuredmedia":[{"embeddable":true,"href":"https:\/\/www.actualidadadiario.com\/index.php\/wp-json\/wp\/v2\/media\/14419"}],"wp:attachment":[{"href":"https:\/\/www.actualidadadiario.com\/index.php\/wp-json\/wp\/v2\/media?parent=14418"}],"wp:term":[{"taxonomy":"category","embeddable":true,"href":"https:\/\/www.actualidadadiario.com\/index.php\/wp-json\/wp\/v2\/categories?post=14418"},{"taxonomy":"post_tag","embeddable":true,"href":"https:\/\/www.actualidadadiario.com\/index.php\/wp-json\/wp\/v2\/tags?post=14418"}],"curies":[{"name":"wp","href":"https:\/\/api.w.org\/{rel}","templated":true}]}}