{"id":14415,"date":"2017-07-19T11:27:29","date_gmt":"2017-07-19T14:27:29","guid":{"rendered":"http:\/\/actualidadadiario.com\/site\/?p=14415"},"modified":"2017-07-19T11:27:29","modified_gmt":"2017-07-19T14:27:29","slug":"senadores-del-fpv-exigen-al-gobierno-que-informe-sobre-la-situacion-de-arsat","status":"publish","type":"post","link":"https:\/\/www.actualidadadiario.com\/index.php\/2017\/07\/19\/senadores-del-fpv-exigen-al-gobierno-que-informe-sobre-la-situacion-de-arsat\/","title":{"rendered":"Senadores del FPV exigen al Gobierno que informe sobre la situaci\u00f3n de Arsat"},"content":{"rendered":"<p><em><strong>Luego que se conociera la intenci\u00f3n de entregar el Arsat a una empresa norteamericana, desde el Frente para la Victoria solicitaron la explicaci\u00f3n por parte del presidente de la compa\u00f1\u00eda satelital, del ministro de Modernizaci\u00f3n y del Gobierno nacional<\/strong><\/em><\/p>\n<p>&nbsp;<\/p>\n<p>&nbsp;<\/p>\n<p>&nbsp;<\/p>\n<p>&nbsp;<\/p>\n<p>Senadores del Frente para la Victoria se manifestaron este martes contra la intenci\u00f3n del Gobierno nacional de privatizar Arsat, y le exigieron que informe sobre la situaci\u00f3n, luego que se conociera el acuerdo firmado con la empresa estadounidense Hughes para la construcci\u00f3n de Arsat 3.<\/p>\n<p>&nbsp;<\/p>\n<p>Momentos despu\u00e9s que el presidente Mauricio Macri reconociera su intenci\u00f3n de entregar el Arsat a la compa\u00f1\u00eda norteamericana, el senador Omar Perotti present\u00f3 un proyecto de Comunicaci\u00f3n para que se cite \u201ccon car\u00e1cter urgente\u201d al presidente de Arsat, Rodrigo Loredo, y a los investigadores responsables del nuevo sat\u00e9lite para que \u201cbrinden un amplio y pormenorizado informe\u201d sobre la situaci\u00f3n.<\/p>\n<p>&nbsp;<\/p>\n<p>\u201cLa ley de Desarrollo de la Industria Satelital establece que la defensa de las posiciones orbitales es una cuesti\u00f3n de Estado ya que afecta la soberan\u00eda nacional\u201d, sostuvo Perotti, y agreg\u00f3 que las posiciones orbitales involucradas en el acta-acuerdo firmado con Hughes Networg Systems son \u201cpropiedad de ARSAT e integran su patrimonio\u201d.<\/p>\n<p>&nbsp;<\/p>\n<p>En el mismo sentido, el puntano Daniel P\u00e9rsico present\u00f3 otro proyecto de Comunicaci\u00f3n para citar al ministro de Modernizaci\u00f3n, Andr\u00e9s Ibarra, a exponer \u201cinformes respecto de la constituci\u00f3n de la nueva empresa \u2018Newco\u2019, que estar\u00eda integrada en un 51 por ciento por Hughes y en un 49 por ciento por ARSAT\u201d.<\/p>\n<p>&nbsp;<\/p>\n<p>\u201cLa medida adoptada por el Gobierno nacional va en contra de lo prescripto en art\u00edculos fundamentales de la Ley de Desarrollo de la Industria Satelital\u201d, lament\u00f3 P\u00e9rsico.<\/p>\n<p>&nbsp;<\/p>\n<p>Por \u00faltimo, el bonaerense Juan Manuel Abal Medina present\u00f3 otro pedido de informes para que el Gobierno nacional aclare \u201clas informaciones period\u00edsticas difundidas que sugieren que se habr\u00eda realizado una venta de una parte de la Empresa Arsat a capitales extranjeros\u201d.<\/p>\n","protected":false},"excerpt":{"rendered":"<p>Luego que se conociera la intenci\u00f3n de entregar el Arsat a una empresa norteamericana, desde el Frente para la Victoria solicitaron la explicaci\u00f3n por parte del presidente de la compa\u00f1\u00eda satelital, del ministro de Modernizaci\u00f3n y del Gobierno nacional &nbsp; &nbsp; &nbsp; &nbsp; Senadores del Frente para la Victoria se manifestaron este martes contra la intenci\u00f3n del Gobierno nacional de privatizar Arsat, y le exigieron que informe sobre la situaci\u00f3n, luego que se conociera el acuerdo firmado con la empresa estadounidense Hughes para la construcci\u00f3n de Arsat 3. &nbsp; Momentos&#8230;<\/p>\n","protected":false},"author":3,"featured_media":14416,"comment_status":"closed","ping_status":"closed","sticky":false,"template":"","format":"standard","meta":[],"categories":[18],"tags":[],"_links":{"self":[{"href":"https:\/\/www.actualidadadiario.com\/index.php\/wp-json\/wp\/v2\/posts\/14415"}],"collection":[{"href":"https:\/\/www.actualidadadiario.com\/index.php\/wp-json\/wp\/v2\/posts"}],"about":[{"href":"https:\/\/www.actualidadadiario.com\/index.php\/wp-json\/wp\/v2\/types\/post"}],"author":[{"embeddable":true,"href":"https:\/\/www.actualidadadiario.com\/index.php\/wp-json\/wp\/v2\/users\/3"}],"replies":[{"embeddable":true,"href":"https:\/\/www.actualidadadiario.com\/index.php\/wp-json\/wp\/v2\/comments?post=14415"}],"version-history":[{"count":1,"href":"https:\/\/www.actualidadadiario.com\/index.php\/wp-json\/wp\/v2\/posts\/14415\/revisions"}],"predecessor-version":[{"id":14417,"href":"https:\/\/www.actualidadadiario.com\/index.php\/wp-json\/wp\/v2\/posts\/14415\/revisions\/14417"}],"wp:featuredmedia":[{"embeddable":true,"href":"https:\/\/www.actualidadadiario.com\/index.php\/wp-json\/wp\/v2\/media\/14416"}],"wp:attachment":[{"href":"https:\/\/www.actualidadadiario.com\/index.php\/wp-json\/wp\/v2\/media?parent=14415"}],"wp:term":[{"taxonomy":"category","embeddable":true,"href":"https:\/\/www.actualidadadiario.com\/index.php\/wp-json\/wp\/v2\/categories?post=14415"},{"taxonomy":"post_tag","embeddable":true,"href":"https:\/\/www.actualidadadiario.com\/index.php\/wp-json\/wp\/v2\/tags?post=14415"}],"curies":[{"name":"wp","href":"https:\/\/api.w.org\/{rel}","templated":true}]}}