{"id":14412,"date":"2017-07-19T11:26:49","date_gmt":"2017-07-19T14:26:49","guid":{"rendered":"http:\/\/actualidadadiario.com\/site\/?p=14412"},"modified":"2017-07-19T11:26:49","modified_gmt":"2017-07-19T14:26:49","slug":"macri-reconocio-gestiones-con-una-firma-de-ee-uu-por-el-arsat-3","status":"publish","type":"post","link":"https:\/\/www.actualidadadiario.com\/index.php\/2017\/07\/19\/macri-reconocio-gestiones-con-una-firma-de-ee-uu-por-el-arsat-3\/","title":{"rendered":"Macri reconoci\u00f3 gestiones con una firma de EE.UU. por el Arsat 3"},"content":{"rendered":"<p><em><strong>Los rumores sobre una privatizaci\u00f3n de Arsat y la construcci\u00f3n de un nuevo sat\u00e9lite con capitales norteamericanos volvieron a enfrentar a la oposici\u00f3n y el oficialismo en plena campa\u00f1a electoral. La postura del Gobierno fue salir en defensa de la fusi\u00f3n entre la empresa estatal y Hughes Network Systems, pese a que descart\u00f3 que se trate de una privatizaci\u00f3n<\/strong><\/em><\/p>\n<p>&nbsp;<\/p>\n<p>&nbsp;<\/p>\n<p>&nbsp;<\/p>\n<p>&nbsp;<\/p>\n<p>&nbsp;<\/p>\n<p>En las \u00faltimas horas se hizo p\u00fablica una carta de intenci\u00f3n de que la compa\u00f1\u00eda extranjera operar\u00e1 y participar\u00e1 de la construcci\u00f3n del Arsat 3, que estar\u00e1 controlada por una nueva empresa llamada Newco.<\/p>\n<p>&nbsp;<\/p>\n<p>En una entrevista a radio Seis de Bariloche, Mauricio Macri reconoci\u00f3 inmediatamente el acuerdo con Hughes. &#8220;Lo que estamos buscando es un socio estrat\u00e9gico que potencie las capacidades del Invap que provea el Arsat 3 y Arsat para desarrollar mejor&#8221;, afirm\u00f3 el jefe de Estado en la primera declaraci\u00f3n sobre el tema. Horas antes hab\u00eda sido el jefe de Gabinete, Marcos Pe\u00f1a, el encargado de ratificar como &#8220;falso&#8221; que el Gobierno pretenda privatizar el sat\u00e9lite de comunicaciones. &#8220;Mintieron gobernando todo el tiempo, siguen mintiendo como oposici\u00f3n&#8221;, dispar\u00f3 Pe\u00f1a contra el kirchnerismo.<\/p>\n<p>&nbsp;<\/p>\n<p>Macri apunt\u00f3 contra la gesti\u00f3n anterior por sus pol\u00edticas de comercializaci\u00f3n de los sat\u00e9lites. &#8220;Lo que encontramos cuando llegamos fueron serios problemas de comercializaci\u00f3n en el Arsat 1 y el 2. Entonces no queremos repetir esa experiencia. Ac\u00e1 hay que combinar la capacidad tecnol\u00f3gica -que ha desarrollado el Invap- y los desarrollos que ha hecho Arsat con socios estrat\u00e9gicos&#8221;, destac\u00f3.<\/p>\n<p>&nbsp;<\/p>\n<p>Ante la consulta sobre la situaci\u00f3n de los empleados de la empresa estatal, Macri pidi\u00f3 &#8220;que no se preocupen los muchachos de Invap&#8221; y reconoci\u00f3 que lo que est\u00e1n &#8220;buscando es ver c\u00f3mo potenciar mejor lo que vamos a lanzar&#8221;.<\/p>\n<p>&nbsp;<\/p>\n<p>Seg\u00fan el art\u00edculo 10 de la ley de Desarrollo de la Industria Satelital, se requiere a la autorizaci\u00f3n del Congreso para &#8220;cualquier acto o acci\u00f3n que limite, altere, suprima o modifique el destino, disponibilidad, titularidad, dominio o naturaleza de los recursos esenciales y de los recursos asociados a que pertenezcan o sean asignados a la Empresa Argentina de Soluciones Satelitales Sociedad An\u00f3nima AR-SAT&#8221;. Macri dijo no tener en claro si se requiere autorizaci\u00f3n del Parlamento porque &#8220;es un acuerdo estrictamente sobre un sat\u00e9lite y que tiene un car\u00e1cter m\u00e1s comercial, que tecnol\u00f3gico&#8221;.<\/p>\n<p>&nbsp;<\/p>\n<p>Desde el Congreso se activ\u00f3 un pedido de explicaci\u00f3n al Gobierno. El senador por Santa Fe, Omar Perotti, pidi\u00f3 que se cite &#8220;con car\u00e1cter de urgente&#8221; al presidente de Arsat, Rodrigo de Loredo, y a los investigadores y responsables t\u00e9cnicos del Arsat 3 a fin de que &#8220;brinden un amplio y pormenorizado informe&#8221; sobre la situaci\u00f3n del sat\u00e9lite.<\/p>\n","protected":false},"excerpt":{"rendered":"<p>Los rumores sobre una privatizaci\u00f3n de Arsat y la construcci\u00f3n de un nuevo sat\u00e9lite con capitales norteamericanos volvieron a enfrentar a la oposici\u00f3n y el oficialismo en plena campa\u00f1a electoral. La postura del Gobierno fue salir en defensa de la fusi\u00f3n entre la empresa estatal y Hughes Network Systems, pese a que descart\u00f3 que se trate de una privatizaci\u00f3n &nbsp; &nbsp; &nbsp; &nbsp; &nbsp; En las \u00faltimas horas se hizo p\u00fablica una carta de intenci\u00f3n de que la compa\u00f1\u00eda extranjera operar\u00e1 y participar\u00e1 de la construcci\u00f3n del Arsat 3, que&#8230;<\/p>\n","protected":false},"author":3,"featured_media":14413,"comment_status":"closed","ping_status":"closed","sticky":false,"template":"","format":"standard","meta":[],"categories":[9,18],"tags":[],"_links":{"self":[{"href":"https:\/\/www.actualidadadiario.com\/index.php\/wp-json\/wp\/v2\/posts\/14412"}],"collection":[{"href":"https:\/\/www.actualidadadiario.com\/index.php\/wp-json\/wp\/v2\/posts"}],"about":[{"href":"https:\/\/www.actualidadadiario.com\/index.php\/wp-json\/wp\/v2\/types\/post"}],"author":[{"embeddable":true,"href":"https:\/\/www.actualidadadiario.com\/index.php\/wp-json\/wp\/v2\/users\/3"}],"replies":[{"embeddable":true,"href":"https:\/\/www.actualidadadiario.com\/index.php\/wp-json\/wp\/v2\/comments?post=14412"}],"version-history":[{"count":1,"href":"https:\/\/www.actualidadadiario.com\/index.php\/wp-json\/wp\/v2\/posts\/14412\/revisions"}],"predecessor-version":[{"id":14414,"href":"https:\/\/www.actualidadadiario.com\/index.php\/wp-json\/wp\/v2\/posts\/14412\/revisions\/14414"}],"wp:featuredmedia":[{"embeddable":true,"href":"https:\/\/www.actualidadadiario.com\/index.php\/wp-json\/wp\/v2\/media\/14413"}],"wp:attachment":[{"href":"https:\/\/www.actualidadadiario.com\/index.php\/wp-json\/wp\/v2\/media?parent=14412"}],"wp:term":[{"taxonomy":"category","embeddable":true,"href":"https:\/\/www.actualidadadiario.com\/index.php\/wp-json\/wp\/v2\/categories?post=14412"},{"taxonomy":"post_tag","embeddable":true,"href":"https:\/\/www.actualidadadiario.com\/index.php\/wp-json\/wp\/v2\/tags?post=14412"}],"curies":[{"name":"wp","href":"https:\/\/api.w.org\/{rel}","templated":true}]}}