{"id":14409,"date":"2017-07-19T11:26:10","date_gmt":"2017-07-19T14:26:10","guid":{"rendered":"http:\/\/actualidadadiario.com\/site\/?p=14409"},"modified":"2017-07-19T11:26:10","modified_gmt":"2017-07-19T14:26:10","slug":"la-justicia-ordena-que-se-entreguen-los-kits-del-plan-qunita","status":"publish","type":"post","link":"https:\/\/www.actualidadadiario.com\/index.php\/2017\/07\/19\/la-justicia-ordena-que-se-entreguen-los-kits-del-plan-qunita\/","title":{"rendered":"La Justicia ordena que se entreguen los kits del plan Qunita"},"content":{"rendered":"<p><em><strong>La decisi\u00f3n del Tribunal Oral Federal 1 recae sobre el Ministerio de Salud. Se trata de 27 mil cunas y sacos de dormir que deber\u00e1n ir para los m\u00e1s necesitados<\/strong><\/em><\/p>\n<p>&nbsp;<\/p>\n<p>&nbsp;<\/p>\n<p>&nbsp;<\/p>\n<p>&nbsp;<\/p>\n<p>El Tribunal Oral Federal 1 orden\u00f3 al Ministerio de Salud de la Naci\u00f3n la distribuci\u00f3n a los m\u00e1s necesitados as 27 mil cunas y sacos de dormir del Plan Qunita, donde funcionarios del gobierno anterior van a juicio oral y p\u00fablico por pago de sobreprecios en la compra de elementos para beb\u00e9 del denominado Plan Qunita.<\/p>\n<p>&nbsp;<\/p>\n<p>Lo hizo a ra\u00edz de varios pedidos que recibi\u00f3 el Tribunal de entidades sociales y porque el Estado Nacional paga 770 mil pesos por mes en el dep\u00f3sito en la localidad bonaerense de Avellaneda, puesto que los otros elementos que componen el kit deber\u00e1n ser distribuidos tambi\u00e9n por orden de la Justicia.<\/p>\n<p>&nbsp;<\/p>\n<p>Los jueces Jos\u00e9 Michilini, Gabriel Vega y Adri\u00e1n Grunberg hab\u00edan ordenado tiempo atr\u00e1s la distribuci\u00f3n de los elementos, pero salvo las cunas y las bolsas de dormir porque estos dos eran inseguros ya que estaban hechos precariamente y pon\u00edan en riesgo al beb\u00e9.<\/p>\n<p>&nbsp;<\/p>\n<p>El diputado por R\u00edo Negro Mart\u00edn Do\u00f1ate pidi\u00f3 las cunas por la necesidad en su provincia, y lo mismo hicieron Francisco Olveira Fuster de la Fundaci\u00f3n Isla Maciel y el P\u00e1rroco del lugar y Juan Grabois, integrante de la Confederaci\u00f3n de Trabajadores por la Econom\u00eda Popular.<\/p>\n<p>&nbsp;<\/p>\n<p>La fiscal\u00eda hab\u00eda pedido que la reparaci\u00f3n la hiciera la Facultad de Medicina, el Instituto de Tecnolog\u00eda Industrial (INTI) y la Sociedad Argentina de Pediatr\u00eda las reparen y la distribuci\u00f3n la hiciera UNICEF y Red Solidaria.<\/p>\n","protected":false},"excerpt":{"rendered":"<p>La decisi\u00f3n del Tribunal Oral Federal 1 recae sobre el Ministerio de Salud. Se trata de 27 mil cunas y sacos de dormir que deber\u00e1n ir para los m\u00e1s necesitados &nbsp; &nbsp; &nbsp; &nbsp; El Tribunal Oral Federal 1 orden\u00f3 al Ministerio de Salud de la Naci\u00f3n la distribuci\u00f3n a los m\u00e1s necesitados as 27 mil cunas y sacos de dormir del Plan Qunita, donde funcionarios del gobierno anterior van a juicio oral y p\u00fablico por pago de sobreprecios en la compra de elementos para beb\u00e9 del denominado Plan Qunita&#8230;.<\/p>\n","protected":false},"author":3,"featured_media":14410,"comment_status":"closed","ping_status":"closed","sticky":false,"template":"","format":"standard","meta":[],"categories":[18],"tags":[],"_links":{"self":[{"href":"https:\/\/www.actualidadadiario.com\/index.php\/wp-json\/wp\/v2\/posts\/14409"}],"collection":[{"href":"https:\/\/www.actualidadadiario.com\/index.php\/wp-json\/wp\/v2\/posts"}],"about":[{"href":"https:\/\/www.actualidadadiario.com\/index.php\/wp-json\/wp\/v2\/types\/post"}],"author":[{"embeddable":true,"href":"https:\/\/www.actualidadadiario.com\/index.php\/wp-json\/wp\/v2\/users\/3"}],"replies":[{"embeddable":true,"href":"https:\/\/www.actualidadadiario.com\/index.php\/wp-json\/wp\/v2\/comments?post=14409"}],"version-history":[{"count":1,"href":"https:\/\/www.actualidadadiario.com\/index.php\/wp-json\/wp\/v2\/posts\/14409\/revisions"}],"predecessor-version":[{"id":14411,"href":"https:\/\/www.actualidadadiario.com\/index.php\/wp-json\/wp\/v2\/posts\/14409\/revisions\/14411"}],"wp:featuredmedia":[{"embeddable":true,"href":"https:\/\/www.actualidadadiario.com\/index.php\/wp-json\/wp\/v2\/media\/14410"}],"wp:attachment":[{"href":"https:\/\/www.actualidadadiario.com\/index.php\/wp-json\/wp\/v2\/media?parent=14409"}],"wp:term":[{"taxonomy":"category","embeddable":true,"href":"https:\/\/www.actualidadadiario.com\/index.php\/wp-json\/wp\/v2\/categories?post=14409"},{"taxonomy":"post_tag","embeddable":true,"href":"https:\/\/www.actualidadadiario.com\/index.php\/wp-json\/wp\/v2\/tags?post=14409"}],"curies":[{"name":"wp","href":"https:\/\/api.w.org\/{rel}","templated":true}]}}