{"id":14403,"date":"2017-07-19T11:24:18","date_gmt":"2017-07-19T14:24:18","guid":{"rendered":"http:\/\/actualidadadiario.com\/site\/?p=14403"},"modified":"2017-07-19T11:24:18","modified_gmt":"2017-07-19T14:24:18","slug":"para-las-consultoras-la-inflacion-de-julio-estara-cerca-del-2","status":"publish","type":"post","link":"https:\/\/www.actualidadadiario.com\/index.php\/2017\/07\/19\/para-las-consultoras-la-inflacion-de-julio-estara-cerca-del-2\/","title":{"rendered":"Para las consultoras, la inflaci\u00f3n de julio estar\u00e1 cerca del 2%"},"content":{"rendered":"<p><em><strong>El inicio del segundo semestre del a\u00f1o lleg\u00f3 con aumentos en naftas, expensas, prepagas, cigarrillos y vacaciones, que se sumaron al impacto del aumento de las tarifas de los servicios de luz y gas, en tiempos en que el fr\u00edo incrementa su consumo. As\u00ed, las consultoras calculan que la inflaci\u00f3n de julio estar\u00e1 cerca del 2%, lejos del 1,4% que marc\u00f3 el \u00edndice del mes pasado para Capital y GBA que inform\u00f3 el INDEC<\/strong><\/em><\/p>\n<p>&nbsp;<\/p>\n<p>&nbsp;<\/p>\n<p>&nbsp;<\/p>\n<p>&nbsp;<\/p>\n<p>&nbsp;<\/p>\n<p>Fausto Spotorno, director de la consultora Orlando J. Ferreres y Asociados, se\u00f1al\u00f3 que los incrementos ya anunciados se llevan m\u00e1s de la mitad del \u00edndice de inflaci\u00f3n de julio, a lo que hay que sumarle el resto de los art\u00edculos que componen las canastas de las familias. Particularmente, destac\u00f3 que en alimentos se registr\u00f3 &#8220;un poco de desinflaci\u00f3n&#8221;, pero un cambio, por ejemplo del precio de la carne, podr\u00eda hacer que la inflaci\u00f3n supere el 2%.<\/p>\n<p>&nbsp;<\/p>\n<p>La directora del estudio Bein y Asociados, Marina Dal Poggetto, opin\u00f3 que &#8220;julio es un mes estacionalmente alto porque el turismo pega hacia arriba&#8221;, al cual se le suma en parte el corrimiento del tipo de cambio. Tras la \u00faltima disparada, el d\u00f3lar parece haber encontrado un piso no menor a $ 17.<\/p>\n<p>&nbsp;<\/p>\n<p>Para la economista, el anticipo de las liquidaciones en indumentaria y el arrastre negativos en los alimentos moderaron la presi\u00f3n inflacionaria este mes, que sin embargo tambi\u00e9n calcula que estar\u00e1 en torno al 2%.<\/p>\n<p>&nbsp;<\/p>\n<p>Asimismo, Mar\u00eda Castiglioni, C&amp;T Asesores Econ\u00f3micos, sostuvo que &#8220;las vacaciones ponen un piso alto&#8221;, pero que &#8220;en alimentos vemos un freno importante, incluso con algunas bajas&#8221;. Y ubica tambi\u00e9n la inflaci\u00f3n de julio entre 1,8 y 2%.<\/p>\n<p>&nbsp;<\/p>\n<p>Por su parte, Andr\u00e9s Asiain, del Centro de Estudios Econ\u00f3micos y Sociales Scalabrini Ortiz, ponder\u00f3 la inflaci\u00f3n m\u00e1s alta para julio dentro de las estimaciones privadas con un 2,3%.<\/p>\n<p>&nbsp;<\/p>\n<p>D\u00edas atr\u00e1s, el \u00edndice que elabora la Universidad Metropolitana para la Educaci\u00f3n y el Trabajo (UMET) advirti\u00f3 que &#8220;la inflaci\u00f3n del mes de julio va a tener una aceleraci\u00f3n&#8221; y su pron\u00f3stico coincide con las estimaciones cercanas al 2%.<\/p>\n<p>&nbsp;<\/p>\n<p>En cuanto la inflaci\u00f3n acumulada para el a\u00f1o, las consultoras privadas no modificaron sustancialmente sus previsiones pese a la mayor suba en julio, aunque siempre por encima de los esperaba por el Gobierno, de entre 12 y 17%.<\/p>\n<p>&nbsp;<\/p>\n<p>Por caso, Spotorno consider\u00f3 que estar\u00e1 cerca del 20% debido a que &#8220;para lo que resta del a\u00f1o la inflaci\u00f3n mensual se va a mantener estable, en el rango del 1 al 1,5%&#8221; o incluso con alg\u00fan per\u00edodo por debajo de eso. El mayor incremento, se\u00f1al\u00f3, ser\u00eda la nueva suba de tarifas para noviembre. Asimismo, Dal Poggetto afirm\u00f3 que &#8220;teniendo en cuenta el 2% de julio, el 22% que preve\u00edamos para fin de a\u00f1o parece que se queda corto&#8221; y agreg\u00f3 que &#8220;todav\u00eda falta el aumento de transporte&#8221;. Castiglioni opin\u00f3 que &#8220;parece dif\u00edcil que se llegue a la meta del BCRA&#8221; y que estar\u00e1 por el 20%.<\/p>\n","protected":false},"excerpt":{"rendered":"<p>El inicio del segundo semestre del a\u00f1o lleg\u00f3 con aumentos en naftas, expensas, prepagas, cigarrillos y vacaciones, que se sumaron al impacto del aumento de las tarifas de los servicios de luz y gas, en tiempos en que el fr\u00edo incrementa su consumo. As\u00ed, las consultoras calculan que la inflaci\u00f3n de julio estar\u00e1 cerca del 2%, lejos del 1,4% que marc\u00f3 el \u00edndice del mes pasado para Capital y GBA que inform\u00f3 el INDEC &nbsp; &nbsp; &nbsp; &nbsp; &nbsp; Fausto Spotorno, director de la consultora Orlando J. Ferreres y Asociados,&#8230;<\/p>\n","protected":false},"author":3,"featured_media":14404,"comment_status":"closed","ping_status":"closed","sticky":false,"template":"","format":"standard","meta":[],"categories":[2],"tags":[],"_links":{"self":[{"href":"https:\/\/www.actualidadadiario.com\/index.php\/wp-json\/wp\/v2\/posts\/14403"}],"collection":[{"href":"https:\/\/www.actualidadadiario.com\/index.php\/wp-json\/wp\/v2\/posts"}],"about":[{"href":"https:\/\/www.actualidadadiario.com\/index.php\/wp-json\/wp\/v2\/types\/post"}],"author":[{"embeddable":true,"href":"https:\/\/www.actualidadadiario.com\/index.php\/wp-json\/wp\/v2\/users\/3"}],"replies":[{"embeddable":true,"href":"https:\/\/www.actualidadadiario.com\/index.php\/wp-json\/wp\/v2\/comments?post=14403"}],"version-history":[{"count":1,"href":"https:\/\/www.actualidadadiario.com\/index.php\/wp-json\/wp\/v2\/posts\/14403\/revisions"}],"predecessor-version":[{"id":14405,"href":"https:\/\/www.actualidadadiario.com\/index.php\/wp-json\/wp\/v2\/posts\/14403\/revisions\/14405"}],"wp:featuredmedia":[{"embeddable":true,"href":"https:\/\/www.actualidadadiario.com\/index.php\/wp-json\/wp\/v2\/media\/14404"}],"wp:attachment":[{"href":"https:\/\/www.actualidadadiario.com\/index.php\/wp-json\/wp\/v2\/media?parent=14403"}],"wp:term":[{"taxonomy":"category","embeddable":true,"href":"https:\/\/www.actualidadadiario.com\/index.php\/wp-json\/wp\/v2\/categories?post=14403"},{"taxonomy":"post_tag","embeddable":true,"href":"https:\/\/www.actualidadadiario.com\/index.php\/wp-json\/wp\/v2\/tags?post=14403"}],"curies":[{"name":"wp","href":"https:\/\/api.w.org\/{rel}","templated":true}]}}