{"id":14400,"date":"2017-07-19T11:23:36","date_gmt":"2017-07-19T14:23:36","guid":{"rendered":"http:\/\/actualidadadiario.com\/site\/?p=14400"},"modified":"2017-07-19T11:23:36","modified_gmt":"2017-07-19T14:23:36","slug":"simplifican-normas-de-importacion-temporaria-de-mercaderias","status":"publish","type":"post","link":"https:\/\/www.actualidadadiario.com\/index.php\/2017\/07\/19\/simplifican-normas-de-importacion-temporaria-de-mercaderias\/","title":{"rendered":"Simplifican normas de importaci\u00f3n temporaria de mercader\u00edas"},"content":{"rendered":"<p><em><strong>El Gobierno nacional dispuso introducir cambios en la normativa sobre importaci\u00f3n temporaria de mercader\u00edas, a fin de &#8220;dotar de celeridad, econom\u00eda, sencillez y eficacia a los procesos administrativos&#8221; correspondientes a ese r\u00e9gimen<\/strong><\/em><\/p>\n<p>&nbsp;<\/p>\n<p>&nbsp;<\/p>\n<p>&nbsp;<\/p>\n<p>&nbsp;<\/p>\n<p>En este marco, el decreto 523\/2017 publicado en el Bolet\u00edn Oficial, se\u00f1ala que &#8220;es prioridad&#8221; para el Gobierno &#8220;ejecutar pol\u00edticas destinadas a promover el crecimiento econ\u00f3mico y el desarrollo incentivando las exportaciones, brindando de ese modo mayor competitividad al sector exportador&#8221;.<\/p>\n<p>&nbsp;<\/p>\n<p>A tal fin, la medida modifica un conjunto de disposiciones establecidas en los decretos 1330\/04 y 1622\/07.<\/p>\n<p>&nbsp;<\/p>\n<p>Esas normas fijaron las condiciones bajo las cuales se importan temporariamente mercader\u00edas destinadas a recibir un perfeccionamiento industrial, con la obligaci\u00f3n de exportarlas para consumo a otros pa\u00edses bajo las nuevas formas resultantes y en los plazos previstos.<\/p>\n<p>&nbsp;<\/p>\n<p>La norma pone en cabeza de la Secretar\u00eda de Comercio decisiones antes reservadas a rangos jer\u00e1rquicos inferiores; flexibiliza plazos de algunas transacciones; y eleva al\u00edcuotas impositivas en casos determinados.<\/p>\n","protected":false},"excerpt":{"rendered":"<p>El Gobierno nacional dispuso introducir cambios en la normativa sobre importaci\u00f3n temporaria de mercader\u00edas, a fin de &#8220;dotar de celeridad, econom\u00eda, sencillez y eficacia a los procesos administrativos&#8221; correspondientes a ese r\u00e9gimen &nbsp; &nbsp; &nbsp; &nbsp; En este marco, el decreto 523\/2017 publicado en el Bolet\u00edn Oficial, se\u00f1ala que &#8220;es prioridad&#8221; para el Gobierno &#8220;ejecutar pol\u00edticas destinadas a promover el crecimiento econ\u00f3mico y el desarrollo incentivando las exportaciones, brindando de ese modo mayor competitividad al sector exportador&#8221;. &nbsp; A tal fin, la medida modifica un conjunto de disposiciones establecidas en&#8230;<\/p>\n","protected":false},"author":3,"featured_media":14401,"comment_status":"closed","ping_status":"closed","sticky":false,"template":"","format":"standard","meta":[],"categories":[2],"tags":[],"_links":{"self":[{"href":"https:\/\/www.actualidadadiario.com\/index.php\/wp-json\/wp\/v2\/posts\/14400"}],"collection":[{"href":"https:\/\/www.actualidadadiario.com\/index.php\/wp-json\/wp\/v2\/posts"}],"about":[{"href":"https:\/\/www.actualidadadiario.com\/index.php\/wp-json\/wp\/v2\/types\/post"}],"author":[{"embeddable":true,"href":"https:\/\/www.actualidadadiario.com\/index.php\/wp-json\/wp\/v2\/users\/3"}],"replies":[{"embeddable":true,"href":"https:\/\/www.actualidadadiario.com\/index.php\/wp-json\/wp\/v2\/comments?post=14400"}],"version-history":[{"count":1,"href":"https:\/\/www.actualidadadiario.com\/index.php\/wp-json\/wp\/v2\/posts\/14400\/revisions"}],"predecessor-version":[{"id":14402,"href":"https:\/\/www.actualidadadiario.com\/index.php\/wp-json\/wp\/v2\/posts\/14400\/revisions\/14402"}],"wp:featuredmedia":[{"embeddable":true,"href":"https:\/\/www.actualidadadiario.com\/index.php\/wp-json\/wp\/v2\/media\/14401"}],"wp:attachment":[{"href":"https:\/\/www.actualidadadiario.com\/index.php\/wp-json\/wp\/v2\/media?parent=14400"}],"wp:term":[{"taxonomy":"category","embeddable":true,"href":"https:\/\/www.actualidadadiario.com\/index.php\/wp-json\/wp\/v2\/categories?post=14400"},{"taxonomy":"post_tag","embeddable":true,"href":"https:\/\/www.actualidadadiario.com\/index.php\/wp-json\/wp\/v2\/tags?post=14400"}],"curies":[{"name":"wp","href":"https:\/\/api.w.org\/{rel}","templated":true}]}}