{"id":14388,"date":"2017-07-19T11:20:40","date_gmt":"2017-07-19T14:20:40","guid":{"rendered":"http:\/\/actualidadadiario.com\/site\/?p=14388"},"modified":"2017-07-19T11:20:40","modified_gmt":"2017-07-19T14:20:40","slug":"el-gobierno-promete-bajarla-pero-la-inflacion-sigue-en-aumento","status":"publish","type":"post","link":"https:\/\/www.actualidadadiario.com\/index.php\/2017\/07\/19\/el-gobierno-promete-bajarla-pero-la-inflacion-sigue-en-aumento\/","title":{"rendered":"El Gobierno promete bajarla, pero la inflaci\u00f3n sigue en aumento"},"content":{"rendered":"<p><em><strong>Los especialistas consultados ya hablan de un guarismo m\u00e1s cercano al 2 por ciento que al 1, como pretende el Gobierno. Y es el propio macrismo el principal motor de la suba<\/strong><\/em><\/p>\n<p>&nbsp;<\/p>\n<p>&nbsp;<\/p>\n<p>&nbsp;<\/p>\n<p>&nbsp;<\/p>\n<p>Mes tras mes, el Gobierno promete bajar la inflaci\u00f3n, pero nada de ello ocurre. Es que semejante promesa oficial parece hacerse en el vac\u00edo, parece contrariar todas las variables que se tienen en cuenta para medir la inflaci\u00f3n.<\/p>\n<p>&nbsp;<\/p>\n<p>Incluso es la propia gesti\u00f3n de Mauricio Macri la que provoca que los guarismos inflacionarios, lejos de bajar, se mantengan e incluso suban, como anticipan que ocurrir\u00e1 en julio, de acuerdo a un relevamiento realizado por \u00c1mbito.com.<\/p>\n<p>&nbsp;<\/p>\n<p>El aumento de los combustibles, los nuevos \u00a0tarifazos \u00a0en \u00a0gas y luz y la suba de los cigarrillos, entre otros, son los factores que m\u00e1s empujan al efecto inflacionario. Y fue el Gobierno Nacional el que los impulsa.<\/p>\n<p>&nbsp;<\/p>\n<p>As\u00ed, las consultoras calculan que la inflaci\u00f3n de julio estar\u00e1 cerca del 2 por ciento, lejos del 1,4 que marc\u00f3 el \u00edndice del mes pasado para Capital y GBA, seg\u00fan inform\u00f3 el Indec.<\/p>\n<p>&nbsp;<\/p>\n<p>Fausto Spotorno, director de la consultora Orlando J. Ferreres y Asociados, se\u00f1al\u00f3 que los incrementos ya anunciados se llevan m\u00e1s de la mitad del \u00edndice de inflaci\u00f3n de julio, a lo que hay que sumarle el resto de los art\u00edculos que componen las canastas de las familias.<\/p>\n<p>&nbsp;<\/p>\n<p>La directora del estudio Bein y Asociados, Marina Dal Poggetto, opin\u00f3 que &#8220;julio es un mes estacionalmente alto porque el turismo pega hacia arriba&#8221;, al cual se le suma en parte el corrimiento del tipo de cambio. Tras la \u00faltima disparada, el d\u00f3lar parece haber encontrado un piso no menor a 17 pesos.<\/p>\n<p>&nbsp;<\/p>\n<p>Por su parte, Mar\u00eda Castiglioni, de C&amp;T Asesores Econ\u00f3micos, sostuvo que &#8220;las vacaciones ponen un piso alto&#8221;, pero que &#8220;en alimentos vemos un freno importante, incluso con algunas bajas&#8221;. Y ubica tambi\u00e9n la inflaci\u00f3n de julio entre 1,8 y 2 por ciento.<\/p>\n<p>&nbsp;<\/p>\n<p>D\u00edas atr\u00e1s, el \u00edndice que elabora la Universidad Metropolitana para la Educaci\u00f3n y el Trabajo (UMET) advert\u00eda que &#8220;la inflaci\u00f3n del mes de julio va a tener una aceleraci\u00f3n&#8221; y su pron\u00f3stico coincid\u00eda con las estimaciones cercanas al 2 por ciento.<\/p>\n","protected":false},"excerpt":{"rendered":"<p>Los especialistas consultados ya hablan de un guarismo m\u00e1s cercano al 2 por ciento que al 1, como pretende el Gobierno. Y es el propio macrismo el principal motor de la suba &nbsp; &nbsp; &nbsp; &nbsp; Mes tras mes, el Gobierno promete bajar la inflaci\u00f3n, pero nada de ello ocurre. Es que semejante promesa oficial parece hacerse en el vac\u00edo, parece contrariar todas las variables que se tienen en cuenta para medir la inflaci\u00f3n. &nbsp; Incluso es la propia gesti\u00f3n de Mauricio Macri la que provoca que los guarismos inflacionarios,&#8230;<\/p>\n","protected":false},"author":3,"featured_media":14389,"comment_status":"closed","ping_status":"closed","sticky":false,"template":"","format":"standard","meta":[],"categories":[9,2],"tags":[],"_links":{"self":[{"href":"https:\/\/www.actualidadadiario.com\/index.php\/wp-json\/wp\/v2\/posts\/14388"}],"collection":[{"href":"https:\/\/www.actualidadadiario.com\/index.php\/wp-json\/wp\/v2\/posts"}],"about":[{"href":"https:\/\/www.actualidadadiario.com\/index.php\/wp-json\/wp\/v2\/types\/post"}],"author":[{"embeddable":true,"href":"https:\/\/www.actualidadadiario.com\/index.php\/wp-json\/wp\/v2\/users\/3"}],"replies":[{"embeddable":true,"href":"https:\/\/www.actualidadadiario.com\/index.php\/wp-json\/wp\/v2\/comments?post=14388"}],"version-history":[{"count":1,"href":"https:\/\/www.actualidadadiario.com\/index.php\/wp-json\/wp\/v2\/posts\/14388\/revisions"}],"predecessor-version":[{"id":14390,"href":"https:\/\/www.actualidadadiario.com\/index.php\/wp-json\/wp\/v2\/posts\/14388\/revisions\/14390"}],"wp:featuredmedia":[{"embeddable":true,"href":"https:\/\/www.actualidadadiario.com\/index.php\/wp-json\/wp\/v2\/media\/14389"}],"wp:attachment":[{"href":"https:\/\/www.actualidadadiario.com\/index.php\/wp-json\/wp\/v2\/media?parent=14388"}],"wp:term":[{"taxonomy":"category","embeddable":true,"href":"https:\/\/www.actualidadadiario.com\/index.php\/wp-json\/wp\/v2\/categories?post=14388"},{"taxonomy":"post_tag","embeddable":true,"href":"https:\/\/www.actualidadadiario.com\/index.php\/wp-json\/wp\/v2\/tags?post=14388"}],"curies":[{"name":"wp","href":"https:\/\/api.w.org\/{rel}","templated":true}]}}