{"id":14385,"date":"2017-07-19T11:19:25","date_gmt":"2017-07-19T14:19:25","guid":{"rendered":"http:\/\/actualidadadiario.com\/site\/?p=14385"},"modified":"2017-07-19T11:19:25","modified_gmt":"2017-07-19T14:19:25","slug":"en-concordia-pasaron-de-100-a-6-los-casos-de-personas-en-situacion-de-calle","status":"publish","type":"post","link":"https:\/\/www.actualidadadiario.com\/index.php\/2017\/07\/19\/en-concordia-pasaron-de-100-a-6-los-casos-de-personas-en-situacion-de-calle\/","title":{"rendered":"En Concordia pasaron de 100 a 6 los casos de personas en situaci\u00f3n de calle"},"content":{"rendered":"<p><em><strong>\u201cSon casos de personas que tienen problemas de salud mental\u201d, explican las autoridades locales y remarcaron que se las est\u00e1 asistiendo en rondas de 24 horas<\/strong><\/em><\/p>\n<p>&nbsp;<\/p>\n<p>&nbsp;<\/p>\n<p>&nbsp;<\/p>\n<p>\u201cNosotros venimos trabajando hace m\u00e1s de un a\u00f1o con esto, tenemos un padr\u00f3n y sabemos qui\u00e9n est\u00e1 en la calle\u201d, explic\u00f3 la Coordinadora de la Unidad de Integraci\u00f3n Comunitaria de la Municipalidad de Concordia, Profesora Sonia Leiva.<\/p>\n<p>&nbsp;<\/p>\n<p>La funcionaria afirm\u00f3 que \u201ctodos los que est\u00e1n en la calle tienen vivienda, a excepci\u00f3n de la gente que tiene problemas de salud mental\u201d.<\/p>\n<p>&nbsp;<\/p>\n<p>En ese sentido, detall\u00f3 que son unas \u201cseis personas y debido a ese problema, sumado al abandono de la familia es lo que hace que est\u00e9n en la calle\u201d.<\/p>\n<p>&nbsp;<\/p>\n<p>En estos d\u00edas de fr\u00edo \u201cestamos asistiendo, haciendo rondas diurnas y nocturnas\u201d, aclar\u00f3 Leiva.<\/p>\n<p>&nbsp;<\/p>\n<p>&nbsp;<\/p>\n<p><strong>Comparaci\u00f3n<\/strong><\/p>\n<p>Por \u00faltimo, explic\u00f3 que a diferencia con la actualidad, durante el 2016 se debi\u00f3 asistir a \u201c100 y pico de personas\u201d en esta situaci\u00f3n. \u201cDe esas 104 personas, a 54 se las ayud\u00f3 econ\u00f3micamente para que vuelvan a sus lugares porque hab\u00edan venido a Concordia y se hab\u00edan quedado a vivir en las calles\u201d, agreg\u00f3.<\/p>\n<p>&nbsp;<\/p>\n<p>La acci\u00f3n fue coordinada \u201ca trav\u00e9s de Criminal\u00edstica, previa averiguaci\u00f3n de antecedentes\u201d y desde \u201cel municipio, ya que el intendente tom\u00f3 la decisi\u00f3n de pagarles los pasajes para que puedan retornar\u201d, culmin\u00f3 Leiva.<\/p>\n","protected":false},"excerpt":{"rendered":"<p>\u201cSon casos de personas que tienen problemas de salud mental\u201d, explican las autoridades locales y remarcaron que se las est\u00e1 asistiendo en rondas de 24 horas &nbsp; &nbsp; &nbsp; \u201cNosotros venimos trabajando hace m\u00e1s de un a\u00f1o con esto, tenemos un padr\u00f3n y sabemos qui\u00e9n est\u00e1 en la calle\u201d, explic\u00f3 la Coordinadora de la Unidad de Integraci\u00f3n Comunitaria de la Municipalidad de Concordia, Profesora Sonia Leiva. &nbsp; La funcionaria afirm\u00f3 que \u201ctodos los que est\u00e1n en la calle tienen vivienda, a excepci\u00f3n de la gente que tiene problemas de salud&#8230;<\/p>\n","protected":false},"author":3,"featured_media":14386,"comment_status":"closed","ping_status":"closed","sticky":false,"template":"","format":"standard","meta":[],"categories":[15],"tags":[],"_links":{"self":[{"href":"https:\/\/www.actualidadadiario.com\/index.php\/wp-json\/wp\/v2\/posts\/14385"}],"collection":[{"href":"https:\/\/www.actualidadadiario.com\/index.php\/wp-json\/wp\/v2\/posts"}],"about":[{"href":"https:\/\/www.actualidadadiario.com\/index.php\/wp-json\/wp\/v2\/types\/post"}],"author":[{"embeddable":true,"href":"https:\/\/www.actualidadadiario.com\/index.php\/wp-json\/wp\/v2\/users\/3"}],"replies":[{"embeddable":true,"href":"https:\/\/www.actualidadadiario.com\/index.php\/wp-json\/wp\/v2\/comments?post=14385"}],"version-history":[{"count":1,"href":"https:\/\/www.actualidadadiario.com\/index.php\/wp-json\/wp\/v2\/posts\/14385\/revisions"}],"predecessor-version":[{"id":14387,"href":"https:\/\/www.actualidadadiario.com\/index.php\/wp-json\/wp\/v2\/posts\/14385\/revisions\/14387"}],"wp:featuredmedia":[{"embeddable":true,"href":"https:\/\/www.actualidadadiario.com\/index.php\/wp-json\/wp\/v2\/media\/14386"}],"wp:attachment":[{"href":"https:\/\/www.actualidadadiario.com\/index.php\/wp-json\/wp\/v2\/media?parent=14385"}],"wp:term":[{"taxonomy":"category","embeddable":true,"href":"https:\/\/www.actualidadadiario.com\/index.php\/wp-json\/wp\/v2\/categories?post=14385"},{"taxonomy":"post_tag","embeddable":true,"href":"https:\/\/www.actualidadadiario.com\/index.php\/wp-json\/wp\/v2\/tags?post=14385"}],"curies":[{"name":"wp","href":"https:\/\/api.w.org\/{rel}","templated":true}]}}