{"id":14370,"date":"2017-07-19T11:15:25","date_gmt":"2017-07-19T14:15:25","guid":{"rendered":"http:\/\/actualidadadiario.com\/site\/?p=14370"},"modified":"2017-07-19T11:15:25","modified_gmt":"2017-07-19T14:15:25","slug":"becan-a-jovenes-para-que-se-capaciten-en-oficios","status":"publish","type":"post","link":"https:\/\/www.actualidadadiario.com\/index.php\/2017\/07\/19\/becan-a-jovenes-para-que-se-capaciten-en-oficios\/","title":{"rendered":"Becan a j\u00f3venes para que se capaciten en oficios"},"content":{"rendered":"<p><em><strong>El gobierno provincial convoc\u00f3 al sector privado para capacitar en oficios a j\u00f3venes entre 18 y 30 a\u00f1os que recibir\u00e1n una beca durante los seis meses que duren los cursos. \u201cNinguna sociedad puede sentirse plena si sus ciudadanos no tienen las fuentes laborales&#8221;, afirm\u00f3 al gobernador Gustavo Bordet<\/strong><\/em><\/p>\n<p>&nbsp;<\/p>\n<p>&nbsp;<\/p>\n<p>&nbsp;<\/p>\n<p>&nbsp;<\/p>\n<p>Al presentar la iniciativa, el gobernador Gustavo Bordet subray\u00f3: \u201cNinguna sociedad puede sentirse plena si sus ciudadanos no tienen las fuentes laborales, ni los suficientes ingresos como para poder tener una vida digna\u201d.<\/p>\n<p>&nbsp;<\/p>\n<p>En ese sentido, agradeci\u00f3 a los distintos organismos del gobierno por &#8220;poder ensamblar este mecanismo de trabajo que nos permite lograr objetivos&#8221;, as\u00ed como a la CGT, a la Uni\u00f3n Obrera de la Construcci\u00f3n de la Rep\u00fablica Argentina (Uocra) y a la C\u00e1mara Entrerriana de la Construcci\u00f3n, porque \u201cencontrando esta s\u00edntesis del trabajo, del empresariado y del sector p\u00fablico, podemos lograr los resultados que nos proponemos\u201d.<\/p>\n<p>&nbsp;<\/p>\n<p>\u201cNosotros entendemos la gesti\u00f3n como las posibilidades que tiene la provincia de generar amplio desarrollo y a \u00e9ste lo vemos desde todos los aspectos: el econ\u00f3mico, que es el que dinamiza y genera el crecimiento, acompa\u00f1ando a nuestros productores, a nuestros industriales; y lo vemos tambi\u00e9n desde el desarrollo humano y el desarrollo social\u201d, expres\u00f3.<\/p>\n<p>&nbsp;<\/p>\n<p>El mandatario hizo notar que \u201cuno de los principales problemas que detectamos desde le inicio de gesti\u00f3n y que vimos que en estos \u00faltimos meses tuvo un crecimiento, fue la dificultad de los j\u00f3venes de poder acceder a su primer empleo; pero adem\u00e1s vimos que hubo una p\u00e9rdida progresiva de fuentes laborales. Nosotros tenemos la obligaci\u00f3n de gobernar, no podemos quedarnos en cr\u00edticas f\u00e1ciles o en comentarios de la realidad, sino que tenemos que trabajar para solucionar los problemas que se nos presenten\u201d.<\/p>\n<p>&nbsp;<\/p>\n<p>En este sentido, destac\u00f3 la voluntad de \u201cencontrar estos puntos de equilibrio convocando a todos estos sectores para avanzar hacia un programa que permita el acceso a un primer puesto de trabajo y que muchos j\u00f3venes que no tiene la posibilidad de acceder puedan lograrlo, financiando una parte con dinero del Instituto Becario provincial para ofrecerles becas en estos oficios&#8221;.<\/p>\n<p>&nbsp;<\/p>\n<p>Luego se\u00f1al\u00f3 que \u201cel trabajo en el futuro tiende a valorarse con el conocimiento\u201d. Por eso, \u201cindependientemente de la posibilidad de acceder al trabajo\u201d, inst\u00f3 a los j\u00f3venes a que &#8220;estudien, porque la capacitaci\u00f3n es lo que va a dar la herramienta en el futuro para acceder a los mejores puestos de trabajo. Siempre hay que exigirse un poco m\u00e1s y para esto tambi\u00e9n es nuestra convocatoria&#8221;.<\/p>\n<p>&nbsp;<\/p>\n<p>Luego afirm\u00f3 que &#8220;nuestra gesti\u00f3n va a seguir trabajando para generar oportunidades para todos en la provincia de Entre R\u00edos, para que nadie quede excluido y que podamos tener una provincia donde tengamos crecimiento y desarrollo, pero tambi\u00e9n la felicidad que tiene que tener la familia entrerriana; y esto se basa en el trabajo, en la posibilidad de criar a nuestros hijos con todas las condiciones de igualdad y equidad que se requieren\u201d.<\/p>\n<p>&nbsp;<\/p>\n<p>Por su parte, la titular del Instituto Becario, Mayda Cresto, dijo que &#8220;estamos orgullosos porque producto de este trabajo en equipo hoy estamos anunciando la puesta en marcha de estas capacitaciones acompa\u00f1adas de las becas de formaci\u00f3n en oficios&#8221;.<\/p>\n<p>&nbsp;<\/p>\n<p>Y agreg\u00f3: &#8220;Esto no es fruto de estos d\u00edas, ya que desde la Secretar\u00eda de la Juventud vienen realizando estas capacitaciones a trav\u00e9s del programa Impulsate, en diferentes lugares de la provincia. Tambi\u00e9n sabemos del compromiso de entidades como la Uocra, la C\u00e1mara de la Construcci\u00f3n y de los distintos organismos provinciales&#8221;.<\/p>\n<p>&nbsp;<\/p>\n<p>Luego agreg\u00f3 que, con esta beca, &#8220;durante seis meses tendr\u00e1n el acompa\u00f1amiento necesario para que se puedan abocar en forma integral a la capacitaci\u00f3n y para que aprovechen esta posibilidad que les brinda el gobierno provincial&#8221;.<\/p>\n<p>&nbsp;<\/p>\n<p>Cresto inst\u00f3 a los j\u00f3venes a &#8220;apostar al trabajo en equipo y valorar esta posibilidad que les brinda el gobierno provincial en conjunto con el sector privado y entidades intermedias, porque realmente esto es lo que les dar\u00e1 valor en su crecimiento personal y el d\u00eda de ma\u00f1ana se sentir\u00e1n \u00fatiles a la sociedad, dignos de lo que hacen, personas de bien y felices. Ese es el objetivo final de todo este trabajo&#8221;.<\/p>\n<p>&nbsp;<\/p>\n<p>Finalmente, la directora del Instituto Becario dijo que a partir del acceso al programa de becas de oficio, &#8220;entran al sistema becario, con lo cual estaremos al lado de aquel joven que decida retomar o emprender un estudio. Esto es muy importante para ustedes y para sus familias. Apuesten al estudio y la capacitaci\u00f3n porque esta provincia tiene cabida para todos y es muy importante prepararse para ese futuro&#8221;.<\/p>\n<p>&nbsp;<\/p>\n<p>En el acto estuvieron presentes tambi\u00e9n los ministros de Gobierno, Mauro Urribarri, y de Desarrollo Social, Laura Stratta; el secretario de Energ\u00eda, Ra\u00fal Arroyo; el secretario de la Juventud, Nicolas Mathieu; el secretario de Trabajo, Oscar Balla; el presidente de Enersa, Jorge Gonz\u00e1lez; miembros del Copnaf; y representantes de la C\u00e1mara Argentina de la Construcci\u00f3n y de la Uocra.<\/p>\n<p>&nbsp;<\/p>\n<p>&nbsp;<\/p>\n<p><strong>El programa<\/strong><\/p>\n<p>El programa Impulsate, que lanz\u00f3 el gobierno provincial a trav\u00e9s de sus distintos organismos, en conjunto con el sector privado, prev\u00e9 la capacitaci\u00f3n en oficios a j\u00f3venes de entre 18 y 30 a\u00f1os, los cuales recibir\u00e1n una beca de 1.500 pesos durante los seis meses que duren los cursos. El programa tendr\u00e1 una inversi\u00f3n total en 2017 que supera los 5 millones de pesos y ser\u00e1n m\u00e1s de 300 los beneficiarios proyectados para lo que resta del a\u00f1o.<\/p>\n<p>&nbsp;<\/p>\n<p>A partir de esta iniciativa, de la que participan los ministerios de Gobierno y Desarrollo Social; el Instituto Becario; la Secretar\u00eda de la Juventud; Enersa; la Secretar\u00eda de Trabajo; el Copnaf; la C\u00e1mara de la Construcci\u00f3n de Entre R\u00edos y la Uocra se pone en marcha un nuevo programa que permitir\u00e1 que entrerrianos reciban una beca para aprender y desarrollarse en electricidad y construcci\u00f3n en seco. Los inscriptos tendr\u00e1n su capacitaci\u00f3n laboral en empresas del sector af\u00edn.<\/p>\n<p>&nbsp;<\/p>\n<p>Tambi\u00e9n participar\u00e1 la Secretar\u00eda de Trabajo, dependencia que colaborar\u00e1 en la relaci\u00f3n entre Estado \u2013 sector privado para fomentar el empleo joven y la inserci\u00f3n de mano de obra calificada en las empresas de la provincia.<\/p>\n<p>&nbsp;<\/p>\n<p>&nbsp;<\/p>\n<p><strong>Inscripci\u00f3n<\/strong><\/p>\n<p>Los interesados en acceder a esta capacitaci\u00f3n deber\u00e1n acercarse personalmente a la Secretar\u00eda de la Juventud, sita en Pasaje Falucho 334, de 8.30 a 13. All\u00ed se realizar\u00e1 una entrevista preliminar y se otorgar\u00e1 el formulario para ingresar al sistema de becas de oficio. Cabe se\u00f1alar que este programa contempla a j\u00f3venes entre 18 y 30 a\u00f1os de edad.<\/p>\n","protected":false},"excerpt":{"rendered":"<p>El gobierno provincial convoc\u00f3 al sector privado para capacitar en oficios a j\u00f3venes entre 18 y 30 a\u00f1os que recibir\u00e1n una beca durante los seis meses que duren los cursos. \u201cNinguna sociedad puede sentirse plena si sus ciudadanos no tienen las fuentes laborales&#8221;, afirm\u00f3 al gobernador Gustavo Bordet &nbsp; &nbsp; &nbsp; &nbsp; Al presentar la iniciativa, el gobernador Gustavo Bordet subray\u00f3: \u201cNinguna sociedad puede sentirse plena si sus ciudadanos no tienen las fuentes laborales, ni los suficientes ingresos como para poder tener una vida digna\u201d. &nbsp; En ese sentido, agradeci\u00f3&#8230;<\/p>\n","protected":false},"author":3,"featured_media":14371,"comment_status":"closed","ping_status":"closed","sticky":false,"template":"","format":"standard","meta":[],"categories":[9,15],"tags":[],"_links":{"self":[{"href":"https:\/\/www.actualidadadiario.com\/index.php\/wp-json\/wp\/v2\/posts\/14370"}],"collection":[{"href":"https:\/\/www.actualidadadiario.com\/index.php\/wp-json\/wp\/v2\/posts"}],"about":[{"href":"https:\/\/www.actualidadadiario.com\/index.php\/wp-json\/wp\/v2\/types\/post"}],"author":[{"embeddable":true,"href":"https:\/\/www.actualidadadiario.com\/index.php\/wp-json\/wp\/v2\/users\/3"}],"replies":[{"embeddable":true,"href":"https:\/\/www.actualidadadiario.com\/index.php\/wp-json\/wp\/v2\/comments?post=14370"}],"version-history":[{"count":1,"href":"https:\/\/www.actualidadadiario.com\/index.php\/wp-json\/wp\/v2\/posts\/14370\/revisions"}],"predecessor-version":[{"id":14372,"href":"https:\/\/www.actualidadadiario.com\/index.php\/wp-json\/wp\/v2\/posts\/14370\/revisions\/14372"}],"wp:featuredmedia":[{"embeddable":true,"href":"https:\/\/www.actualidadadiario.com\/index.php\/wp-json\/wp\/v2\/media\/14371"}],"wp:attachment":[{"href":"https:\/\/www.actualidadadiario.com\/index.php\/wp-json\/wp\/v2\/media?parent=14370"}],"wp:term":[{"taxonomy":"category","embeddable":true,"href":"https:\/\/www.actualidadadiario.com\/index.php\/wp-json\/wp\/v2\/categories?post=14370"},{"taxonomy":"post_tag","embeddable":true,"href":"https:\/\/www.actualidadadiario.com\/index.php\/wp-json\/wp\/v2\/tags?post=14370"}],"curies":[{"name":"wp","href":"https:\/\/api.w.org\/{rel}","templated":true}]}}