{"id":14352,"date":"2017-07-17T12:31:00","date_gmt":"2017-07-17T15:31:00","guid":{"rendered":"http:\/\/actualidadadiario.com\/site\/?p=14352"},"modified":"2017-07-17T12:31:00","modified_gmt":"2017-07-17T15:31:00","slug":"es-leyenda-federer-aplasto-a-cilic-y-logro-su-octavo-titulo-en-wimbledon","status":"publish","type":"post","link":"https:\/\/www.actualidadadiario.com\/index.php\/2017\/07\/17\/es-leyenda-federer-aplasto-a-cilic-y-logro-su-octavo-titulo-en-wimbledon\/","title":{"rendered":"Es leyenda: Federer aplast\u00f3 a Cilic y logr\u00f3 su octavo t\u00edtulo en Wimbledon"},"content":{"rendered":"<p><em><strong>El tenista suizo Roger Federer consigui\u00f3 su octavo t\u00edtulo en Wimbledon y el 19no. Grand Slam de su cuenta personal, luego de aplastar al croata Marin Cilic por 6-3, 6-1 y 6-4 en una final de una hora y 41 minutos, disputada sobre el c\u00e9sped del All England Club de Londres<\/strong><\/em><\/p>\n<p>&nbsp;<\/p>\n<p>&nbsp;<\/p>\n<p>&nbsp;<\/p>\n<p>&nbsp;<\/p>\n<p>Federer, de 35 a\u00f1os, no pudo reprimir las l\u00e1grimas al finalizar un encuentro que agranda su leyenda en el tenis. &#8220;Hay que creer que uno puede alcanzar tales alturas. Despu\u00e9s del \u00faltimo a\u00f1o no sab\u00eda si volver\u00eda a estar aqu\u00ed&#8221;, dijo sobre 2016, cuando cay\u00f3 eliminado en semifinales ante el canadiense Milos Raonic.<\/p>\n<p>&nbsp;<\/p>\n<p>&#8220;Hubo adem\u00e1s las dos finales duras con Novak (Djokovic). Pero continu\u00e9 creyendo&#8221;, insisti\u00f3 al tiempo que describi\u00f3 como &#8220;incre\u00edble&#8221; no haber perdido ni un set en todo el torneo. &#8220;Espero que \u00e9ste no sea mi \u00faltimo partido aqu\u00ed, quiero volver el a\u00f1o que viene&#8221;, agreg\u00f3.<\/p>\n<p>&nbsp;<\/p>\n<p>Por su parte, un compungido Cilic, que ya hab\u00eda llorado en medio del partido aparentemente por dolor en el pie izquierdo, dijo que nunca se rindi\u00f3. &#8220;Eso es lo que he hecho siempre en mi carrera, no tirar la toalla. Mi idea era dar lo mejor de m\u00ed, y eso es todo lo que pude hacer&#8221;.<\/p>\n<p>&nbsp;<\/p>\n<p>&#8220;He tenido un recorrido asombroso, jugando el mejor tenis de mi vida&#8221;, se congratul\u00f3 Cilic. &#8220;Para todos mis amigos en Croacia habr\u00e1 sido un d\u00eda duro. Lo di todo, y espero volver e intentarlo de nuevo&#8221;, concluy\u00f3.<\/p>\n<p>&nbsp;<\/p>\n<p>Con 6.545 puntos, el suizo quedar\u00e1 por debajo de Nadal (7.460) y del brit\u00e1nico Andy Murray (7.750) en el podio del ranking mundial. El Abierto de Estados Unidos, en septiembre, ser\u00e1 el pr\u00f3ximo gran desaf\u00edo para el tenista, quien buscar\u00e1 ganar el trofeo por sexta vez.<\/p>\n","protected":false},"excerpt":{"rendered":"<p>El tenista suizo Roger Federer consigui\u00f3 su octavo t\u00edtulo en Wimbledon y el 19no. Grand Slam de su cuenta personal, luego de aplastar al croata Marin Cilic por 6-3, 6-1 y 6-4 en una final de una hora y 41 minutos, disputada sobre el c\u00e9sped del All England Club de Londres &nbsp; &nbsp; &nbsp; &nbsp; Federer, de 35 a\u00f1os, no pudo reprimir las l\u00e1grimas al finalizar un encuentro que agranda su leyenda en el tenis. &#8220;Hay que creer que uno puede alcanzar tales alturas. Despu\u00e9s del \u00faltimo a\u00f1o no sab\u00eda&#8230;<\/p>\n","protected":false},"author":3,"featured_media":14353,"comment_status":"closed","ping_status":"closed","sticky":false,"template":"","format":"standard","meta":[],"categories":[4],"tags":[],"_links":{"self":[{"href":"https:\/\/www.actualidadadiario.com\/index.php\/wp-json\/wp\/v2\/posts\/14352"}],"collection":[{"href":"https:\/\/www.actualidadadiario.com\/index.php\/wp-json\/wp\/v2\/posts"}],"about":[{"href":"https:\/\/www.actualidadadiario.com\/index.php\/wp-json\/wp\/v2\/types\/post"}],"author":[{"embeddable":true,"href":"https:\/\/www.actualidadadiario.com\/index.php\/wp-json\/wp\/v2\/users\/3"}],"replies":[{"embeddable":true,"href":"https:\/\/www.actualidadadiario.com\/index.php\/wp-json\/wp\/v2\/comments?post=14352"}],"version-history":[{"count":1,"href":"https:\/\/www.actualidadadiario.com\/index.php\/wp-json\/wp\/v2\/posts\/14352\/revisions"}],"predecessor-version":[{"id":14354,"href":"https:\/\/www.actualidadadiario.com\/index.php\/wp-json\/wp\/v2\/posts\/14352\/revisions\/14354"}],"wp:featuredmedia":[{"embeddable":true,"href":"https:\/\/www.actualidadadiario.com\/index.php\/wp-json\/wp\/v2\/media\/14353"}],"wp:attachment":[{"href":"https:\/\/www.actualidadadiario.com\/index.php\/wp-json\/wp\/v2\/media?parent=14352"}],"wp:term":[{"taxonomy":"category","embeddable":true,"href":"https:\/\/www.actualidadadiario.com\/index.php\/wp-json\/wp\/v2\/categories?post=14352"},{"taxonomy":"post_tag","embeddable":true,"href":"https:\/\/www.actualidadadiario.com\/index.php\/wp-json\/wp\/v2\/tags?post=14352"}],"curies":[{"name":"wp","href":"https:\/\/api.w.org\/{rel}","templated":true}]}}