{"id":14349,"date":"2017-07-17T12:29:54","date_gmt":"2017-07-17T15:29:54","guid":{"rendered":"http:\/\/actualidadadiario.com\/site\/?p=14349"},"modified":"2017-07-17T12:29:54","modified_gmt":"2017-07-17T15:29:54","slug":"sindicatos-confian-en-que-no-se-importe-el-modelo-de-temer","status":"publish","type":"post","link":"https:\/\/www.actualidadadiario.com\/index.php\/2017\/07\/17\/sindicatos-confian-en-que-no-se-importe-el-modelo-de-temer\/","title":{"rendered":"Sindicatos conf\u00edan en que no se \u201cimporte\u201d el modelo de Temer"},"content":{"rendered":"<p><em><strong>Eval\u00faan que no existe margen parlamentario para modificar la ley laboral<\/strong><\/em><\/p>\n<p>&nbsp;<\/p>\n<p>&nbsp;<\/p>\n<p>&nbsp;<\/p>\n<p>La alternativa de que la flexibilizaci\u00f3n laboral que sacude a Brasil llegue a estas tierras est\u00e1 en debate. Dirigentes sindicales y analistas regionales coinciden en que la misma no ser\u00e1 a trav\u00e9s de leyes, sino en formatos por los que igual se arribar\u00e1 al mismo puerto de destino. El caso de la modificaci\u00f3n de convenios, que la Casa Rosada pact\u00f3 con sindicatos petroleros y consta en la carpeta &#8220;Vaca Muerta&#8221;, es una muestra. Otras variantes abarcan a los mec\u00e1nicos de Smata v\u00eda &#8220;preservaci\u00f3n de puestos de trabajo&#8221; y van hasta la inconclusa confecci\u00f3n del convenio docente que se tal\u00f3 con el final de la era kirchnerista.<\/p>\n<p>&nbsp;<\/p>\n<p>El caso Brasil con autor\u00eda del gobierno del presidente Michel Temer y la v\u00eda parlamentaria, se resume en t\u00f3picos fuertes. Aumento de la jornada de trabajo a 12 horas diarias; desaparici\u00f3n de horas extras; reducci\u00f3n de descanso; fragmentaci\u00f3n en tres per\u00edodos de vacaciones y &#8220;agilizaci\u00f3n&#8221; de los procesos de despidos. La CTA de Hugo Yasky vincul\u00f3 tal proceso con la reciente condena al ex presidente Inacio Lula Da Silva, para disparar que &#8220;no hay casualidades&#8221; en la decisi\u00f3n que incluye debilitar la presencia sindical, dentro de una ofensiva sin precedentes contra los derechos de los trabajadores&#8221;, seg\u00fan puntualizaron tanto Yasky como Carlos Girotti, de esa central.<\/p>\n<p>&nbsp;<\/p>\n<p>A consideraci\u00f3n de Nicol\u00e1s Trotta, rector de la Universidad Metropolitana del Trabajo (UMET), dicha matriz econ\u00f3mica ya se plasm\u00f3 en los 90\u0092 y este cap\u00edtulo de flexibilizaci\u00f3n tambi\u00e9n se pondr\u00e1 a consideraci\u00f3n en nuestras pr\u00f3ximas elecciones legislativas. &#8220;Ante el todav\u00eda fresco transitar de lo que fue el menemismo, la memoria colectiva es la esperanza que la derrota oficialista implique la posibilidad de encontrar al sector del capital y del trabajo en una misma mesa de concertaci\u00f3n con el Estado para establecer pol\u00edticas de mediano plazo que permitan el desarrollo de la Argentina, contra la improvisaci\u00f3n que caracteriza al gobierno actual&#8221;, enfatiz\u00f3.<\/p>\n<p>&nbsp;<\/p>\n<p>El prisma internacional tambi\u00e9n lo abord\u00f3, ante BAE Negocios, Fernando Su\u00e1rez Rubio, director de esa especialidad del Centro de Estudios para el Desarrollo Nacional Atenea. &#8220;Considerar este escenario preocupante, solo desde la \u0091competitividad\u0092 sabe a poco. La diferencia de las econom\u00edas, como tambi\u00e9n de otros umbrales remarcan desventajas notorias&#8221;. &#8220;Debemos reconocer que las reformas brasileras dejar\u00edan fuera de carrera a la Argentina en forma directa. Ninguna medida que se tome por ese camino podr\u00e1 nivelar propuestas, y la senda real ser\u00e1 una contingencia riesgosa con sindicatos y trabajadores a la intemperie. De all\u00ed que la supuesta carrera de \u0091prestigio e inversiones\u0092 puede terminar mal&#8221;.<\/p>\n<p>&nbsp;<\/p>\n<p>No hay parang\u00f3n con los \u00b490, a criterio del laboralista y experto en Derecho Sindical, Carlos Mar\u00edn respecto al ablande de convenios y normas. &#8220;Se trata de que los grandes grupos econ\u00f3micos puedan obtener mayores ganancias, porque son los que puede capear temporales&#8221;.<\/p>\n<p>&nbsp;<\/p>\n<p>El amparo conceptual para el posible fen\u00f3meno, concluyen otras fuentes, ya fue escrito en el pr\u00f3logo del Diccionario del Argentino Exquisito que escribi\u00f3 Adolfo Bioy Casares. &#8220;No cometemos muchos errores. Lo que pasa es que muchas veces cometemos los mismos: una media docena que desde el principio del mundo andan dando vueltas&#8221;.<\/p>\n","protected":false},"excerpt":{"rendered":"<p>Eval\u00faan que no existe margen parlamentario para modificar la ley laboral &nbsp; &nbsp; &nbsp; La alternativa de que la flexibilizaci\u00f3n laboral que sacude a Brasil llegue a estas tierras est\u00e1 en debate. Dirigentes sindicales y analistas regionales coinciden en que la misma no ser\u00e1 a trav\u00e9s de leyes, sino en formatos por los que igual se arribar\u00e1 al mismo puerto de destino. El caso de la modificaci\u00f3n de convenios, que la Casa Rosada pact\u00f3 con sindicatos petroleros y consta en la carpeta &#8220;Vaca Muerta&#8221;, es una muestra. Otras variantes abarcan&#8230;<\/p>\n","protected":false},"author":3,"featured_media":14350,"comment_status":"closed","ping_status":"closed","sticky":false,"template":"","format":"standard","meta":[],"categories":[18],"tags":[],"_links":{"self":[{"href":"https:\/\/www.actualidadadiario.com\/index.php\/wp-json\/wp\/v2\/posts\/14349"}],"collection":[{"href":"https:\/\/www.actualidadadiario.com\/index.php\/wp-json\/wp\/v2\/posts"}],"about":[{"href":"https:\/\/www.actualidadadiario.com\/index.php\/wp-json\/wp\/v2\/types\/post"}],"author":[{"embeddable":true,"href":"https:\/\/www.actualidadadiario.com\/index.php\/wp-json\/wp\/v2\/users\/3"}],"replies":[{"embeddable":true,"href":"https:\/\/www.actualidadadiario.com\/index.php\/wp-json\/wp\/v2\/comments?post=14349"}],"version-history":[{"count":1,"href":"https:\/\/www.actualidadadiario.com\/index.php\/wp-json\/wp\/v2\/posts\/14349\/revisions"}],"predecessor-version":[{"id":14351,"href":"https:\/\/www.actualidadadiario.com\/index.php\/wp-json\/wp\/v2\/posts\/14349\/revisions\/14351"}],"wp:featuredmedia":[{"embeddable":true,"href":"https:\/\/www.actualidadadiario.com\/index.php\/wp-json\/wp\/v2\/media\/14350"}],"wp:attachment":[{"href":"https:\/\/www.actualidadadiario.com\/index.php\/wp-json\/wp\/v2\/media?parent=14349"}],"wp:term":[{"taxonomy":"category","embeddable":true,"href":"https:\/\/www.actualidadadiario.com\/index.php\/wp-json\/wp\/v2\/categories?post=14349"},{"taxonomy":"post_tag","embeddable":true,"href":"https:\/\/www.actualidadadiario.com\/index.php\/wp-json\/wp\/v2\/tags?post=14349"}],"curies":[{"name":"wp","href":"https:\/\/api.w.org\/{rel}","templated":true}]}}