{"id":14343,"date":"2017-07-17T12:28:13","date_gmt":"2017-07-17T15:28:13","guid":{"rendered":"http:\/\/actualidadadiario.com\/site\/?p=14343"},"modified":"2017-07-17T12:28:13","modified_gmt":"2017-07-17T15:28:13","slug":"inquietud-por-la-fuerte-presencia-de-gendarmeria-en-la-sede-central-del-correo-argentino","status":"publish","type":"post","link":"https:\/\/www.actualidadadiario.com\/index.php\/2017\/07\/17\/inquietud-por-la-fuerte-presencia-de-gendarmeria-en-la-sede-central-del-correo-argentino\/","title":{"rendered":"Inquietud por la fuerte presencia de Gendarmer\u00eda en la sede central del Correo Argentino"},"content":{"rendered":"<p><em><strong>El despliegue de efectivos en torno al lugar gener\u00f3 alerta entre los trabajadores. Seg\u00fan una versi\u00f3n, habr\u00eda miles de despidos<\/strong><\/em><\/p>\n<p>&nbsp;<\/p>\n<p>&nbsp;<\/p>\n<p>&nbsp;<\/p>\n<p>En las \u00faltimas horas Gendarmer\u00eda Nacional despleg\u00f3 un fuerte operativo en la Sede Central del Correo Argentino, ubicada en la localidad de Monte Grande, cabecera del partido de Esteban Echeverr\u00eda, en el conurbano sur.<\/p>\n<p>&nbsp;<\/p>\n<p>Hasta all\u00ed llegaron veh\u00edculos y efectivos de la fuerza de seguridad. Seg\u00fan dijeron algunas fuentes al sitio de noticias local El Diario Sur, la raz\u00f3n del operativo ser\u00eda un conflicto entre la empresa y fleteros que impedir\u00eda el normal desarrollo de las labores.<\/p>\n<p>&nbsp;<\/p>\n<p>El control y cuidado de las urnas, por la proximidad de las elecciones, fue otra versi\u00f3n que circul\u00f3 sobre la llegada de la Gendarmer\u00eda al Correo Argentino.<\/p>\n<p>&nbsp;<\/p>\n<p>Sin embargo, en las redes sociales tambi\u00e9n se propag\u00f3 una tercera versi\u00f3n: que habr\u00eda miles de despidos en la empresa y, por lo tanto, la Gendarmer\u00eda ser\u00eda la responsable de controlar que los trabajadores que hayan recibido el telegrama no intenten ingresar al lugar. Por ahora no hay certezas, pero se mantiene la tensi\u00f3n.<\/p>\n","protected":false},"excerpt":{"rendered":"<p>El despliegue de efectivos en torno al lugar gener\u00f3 alerta entre los trabajadores. Seg\u00fan una versi\u00f3n, habr\u00eda miles de despidos &nbsp; &nbsp; &nbsp; En las \u00faltimas horas Gendarmer\u00eda Nacional despleg\u00f3 un fuerte operativo en la Sede Central del Correo Argentino, ubicada en la localidad de Monte Grande, cabecera del partido de Esteban Echeverr\u00eda, en el conurbano sur. &nbsp; Hasta all\u00ed llegaron veh\u00edculos y efectivos de la fuerza de seguridad. Seg\u00fan dijeron algunas fuentes al sitio de noticias local El Diario Sur, la raz\u00f3n del operativo ser\u00eda un conflicto entre la&#8230;<\/p>\n","protected":false},"author":3,"featured_media":14344,"comment_status":"closed","ping_status":"closed","sticky":false,"template":"","format":"standard","meta":[],"categories":[18],"tags":[],"_links":{"self":[{"href":"https:\/\/www.actualidadadiario.com\/index.php\/wp-json\/wp\/v2\/posts\/14343"}],"collection":[{"href":"https:\/\/www.actualidadadiario.com\/index.php\/wp-json\/wp\/v2\/posts"}],"about":[{"href":"https:\/\/www.actualidadadiario.com\/index.php\/wp-json\/wp\/v2\/types\/post"}],"author":[{"embeddable":true,"href":"https:\/\/www.actualidadadiario.com\/index.php\/wp-json\/wp\/v2\/users\/3"}],"replies":[{"embeddable":true,"href":"https:\/\/www.actualidadadiario.com\/index.php\/wp-json\/wp\/v2\/comments?post=14343"}],"version-history":[{"count":1,"href":"https:\/\/www.actualidadadiario.com\/index.php\/wp-json\/wp\/v2\/posts\/14343\/revisions"}],"predecessor-version":[{"id":14345,"href":"https:\/\/www.actualidadadiario.com\/index.php\/wp-json\/wp\/v2\/posts\/14343\/revisions\/14345"}],"wp:featuredmedia":[{"embeddable":true,"href":"https:\/\/www.actualidadadiario.com\/index.php\/wp-json\/wp\/v2\/media\/14344"}],"wp:attachment":[{"href":"https:\/\/www.actualidadadiario.com\/index.php\/wp-json\/wp\/v2\/media?parent=14343"}],"wp:term":[{"taxonomy":"category","embeddable":true,"href":"https:\/\/www.actualidadadiario.com\/index.php\/wp-json\/wp\/v2\/categories?post=14343"},{"taxonomy":"post_tag","embeddable":true,"href":"https:\/\/www.actualidadadiario.com\/index.php\/wp-json\/wp\/v2\/tags?post=14343"}],"curies":[{"name":"wp","href":"https:\/\/api.w.org\/{rel}","templated":true}]}}