{"id":14337,"date":"2017-07-17T12:26:32","date_gmt":"2017-07-17T15:26:32","guid":{"rendered":"http:\/\/actualidadadiario.com\/site\/?p=14337"},"modified":"2017-07-17T12:26:32","modified_gmt":"2017-07-17T15:26:32","slug":"frigerio-dice-que-cambiemos-va-a-ganar-en-todo-el-pais","status":"publish","type":"post","link":"https:\/\/www.actualidadadiario.com\/index.php\/2017\/07\/17\/frigerio-dice-que-cambiemos-va-a-ganar-en-todo-el-pais\/","title":{"rendered":"Frigerio dice que &#8220;Cambiemos va a ganar en todo el pa\u00eds&#8221;"},"content":{"rendered":"<p><em><strong>Esa es la visi\u00f3n que ofreci\u00f3 el ministro del Interior, Rogelio Frigerio. Dijo que &#8220;la mayor\u00eda de la gente&#8221; est\u00e1 &#8220;convencida&#8221; de que el oficialismo va por &#8220;el buen rumbo&#8221;<\/strong><\/em><\/p>\n<p>&nbsp;<\/p>\n<p>&nbsp;<\/p>\n<p>&nbsp;<\/p>\n<p>El ministro del Interior, Rogelio Frigerio, se mostr\u00f3 confiado de cara a las pr\u00f3ximas elecciones legislativas al sostener que &#8220;Cambiemos va a ganar en todo el pa\u00eds&#8221; porque &#8220;la mayor\u00eda de la gente&#8221; est\u00e1 &#8220;convencida&#8221; de que el oficialismo va por &#8220;el buen rumbo&#8221;.<\/p>\n<p>&nbsp;<\/p>\n<p>&#8220;Cambiemos tiene una gran ventaja desde el punto de vista electoral porque es el \u00fanico espacio pol\u00edtico con representaci\u00f3n en todo el pa\u00eds. Cambiemos va a ganar en el pa\u00eds y la segunda fuerza va a estar lejos. Tambi\u00e9n vamos a ganar en la provincia de Buenos Aires&#8221;, vaticin\u00f3 Frigerio.<\/p>\n<p>&nbsp;<\/p>\n<p>El funcionario sostuvo que en estas legislativas el Gobierno tiene la posibilidad &#8220;de dejar atr\u00e1s el populismo para siempre; de erradicar el clientelismo, que es perverso y degradante&#8221;.<\/p>\n<p>&nbsp;<\/p>\n<p>&#8220;En estas elecciones no se juega la suerte de un gobierno. El kirchnerismo, por supuesto, no tiene que dar un examen porque todos sabemos lo que ha generado, lo que se juega es la posibilidad de sostener este proceso de transformaci\u00f3n y no retroceder al pasado.<\/p>\n<p>&nbsp;<\/p>\n<p>Y eso es lo que piensa la mayor\u00eda&#8221;, agreg\u00f3 Frigerio durante una entrevista con el diario El Tribuno, de Salta.<\/p>\n","protected":false},"excerpt":{"rendered":"<p>Esa es la visi\u00f3n que ofreci\u00f3 el ministro del Interior, Rogelio Frigerio. Dijo que &#8220;la mayor\u00eda de la gente&#8221; est\u00e1 &#8220;convencida&#8221; de que el oficialismo va por &#8220;el buen rumbo&#8221; &nbsp; &nbsp; &nbsp; El ministro del Interior, Rogelio Frigerio, se mostr\u00f3 confiado de cara a las pr\u00f3ximas elecciones legislativas al sostener que &#8220;Cambiemos va a ganar en todo el pa\u00eds&#8221; porque &#8220;la mayor\u00eda de la gente&#8221; est\u00e1 &#8220;convencida&#8221; de que el oficialismo va por &#8220;el buen rumbo&#8221;. &nbsp; &#8220;Cambiemos tiene una gran ventaja desde el punto de vista electoral porque&#8230;<\/p>\n","protected":false},"author":3,"featured_media":14338,"comment_status":"closed","ping_status":"closed","sticky":false,"template":"","format":"standard","meta":[],"categories":[18],"tags":[],"_links":{"self":[{"href":"https:\/\/www.actualidadadiario.com\/index.php\/wp-json\/wp\/v2\/posts\/14337"}],"collection":[{"href":"https:\/\/www.actualidadadiario.com\/index.php\/wp-json\/wp\/v2\/posts"}],"about":[{"href":"https:\/\/www.actualidadadiario.com\/index.php\/wp-json\/wp\/v2\/types\/post"}],"author":[{"embeddable":true,"href":"https:\/\/www.actualidadadiario.com\/index.php\/wp-json\/wp\/v2\/users\/3"}],"replies":[{"embeddable":true,"href":"https:\/\/www.actualidadadiario.com\/index.php\/wp-json\/wp\/v2\/comments?post=14337"}],"version-history":[{"count":1,"href":"https:\/\/www.actualidadadiario.com\/index.php\/wp-json\/wp\/v2\/posts\/14337\/revisions"}],"predecessor-version":[{"id":14339,"href":"https:\/\/www.actualidadadiario.com\/index.php\/wp-json\/wp\/v2\/posts\/14337\/revisions\/14339"}],"wp:featuredmedia":[{"embeddable":true,"href":"https:\/\/www.actualidadadiario.com\/index.php\/wp-json\/wp\/v2\/media\/14338"}],"wp:attachment":[{"href":"https:\/\/www.actualidadadiario.com\/index.php\/wp-json\/wp\/v2\/media?parent=14337"}],"wp:term":[{"taxonomy":"category","embeddable":true,"href":"https:\/\/www.actualidadadiario.com\/index.php\/wp-json\/wp\/v2\/categories?post=14337"},{"taxonomy":"post_tag","embeddable":true,"href":"https:\/\/www.actualidadadiario.com\/index.php\/wp-json\/wp\/v2\/tags?post=14337"}],"curies":[{"name":"wp","href":"https:\/\/api.w.org\/{rel}","templated":true}]}}