{"id":14334,"date":"2017-07-17T12:25:47","date_gmt":"2017-07-17T15:25:47","guid":{"rendered":"http:\/\/actualidadadiario.com\/site\/?p=14334"},"modified":"2017-07-17T12:25:47","modified_gmt":"2017-07-17T15:25:47","slug":"el-gobierno-quiere-quitarles-autonomia-a-los-fiscales","status":"publish","type":"post","link":"https:\/\/www.actualidadadiario.com\/index.php\/2017\/07\/17\/el-gobierno-quiere-quitarles-autonomia-a-los-fiscales\/","title":{"rendered":"&#8220;El Gobierno quiere quitarles autonom\u00eda a los fiscales&#8221;"},"content":{"rendered":"<p><em><strong>La procuradora general de la Naci\u00f3n, Alejandra Gils Carb\u00f3, se defendi\u00f3 de las acusaciones en contra. &#8220;Hay un plan que funcionarios del Gobierno vienen desarrollando incluso desde antes de serlo&#8221;<\/strong><\/em><\/p>\n<p>&nbsp;<\/p>\n<p>&nbsp;<\/p>\n<p>&nbsp;<\/p>\n<p>La procuradora general de la Naci\u00f3n, Alejandra Gils Carb\u00f3, se defendi\u00f3 de las acusaciones en contra y asegur\u00f3 que &#8220;el Gobierno quiere quitarles autonom\u00eda a los fiscales&#8221;.<\/p>\n<p>&nbsp;<\/p>\n<p>&#8220;El Gobierno quiere quitarles autonom\u00eda a los fiscales. A todos. No solo a m\u00ed como procuradora&#8221;, sostuvo Gils Carb\u00f3 tras las cr\u00edticas del Ejecutivo en su contra.<\/p>\n<p>&nbsp;<\/p>\n<p>La fiscal se defendi\u00f3 de esta manera luego de que el juez federal Juli\u00e1n Ercolini la citara a indagatoria a ra\u00edz de una investigaci\u00f3n por la compra del nuevo edificio en el que se encuentra el Ministerio P\u00fablico Fiscal.<\/p>\n<p>&nbsp;<\/p>\n<p>&#8220;Hay un plan que funcionarios del Gobierno vienen desarrollando incluso desde antes de serlo. Como candidato, el actual Presidente ya dec\u00eda que yo estaba obligada a renunciar. Despu\u00e9s comenzaron los hostigamientos, p\u00fablicos y solapados. Alguien hasta public\u00f3 la foto con la direcci\u00f3n de mi casa&#8221;, cuestion\u00f3 durante una entrevista exclusiva que brind\u00f3 a P\u00e1gina 12.<\/p>\n<p>&nbsp;<\/p>\n<p>La jefa de los fiscales reconoci\u00f3 que le molestan los &#8220;ataques personales&#8221;, pero asegur\u00f3 que su &#8220;responsabilidad es institucional&#8221;.<\/p>\n","protected":false},"excerpt":{"rendered":"<p>La procuradora general de la Naci\u00f3n, Alejandra Gils Carb\u00f3, se defendi\u00f3 de las acusaciones en contra. &#8220;Hay un plan que funcionarios del Gobierno vienen desarrollando incluso desde antes de serlo&#8221; &nbsp; &nbsp; &nbsp; La procuradora general de la Naci\u00f3n, Alejandra Gils Carb\u00f3, se defendi\u00f3 de las acusaciones en contra y asegur\u00f3 que &#8220;el Gobierno quiere quitarles autonom\u00eda a los fiscales&#8221;. &nbsp; &#8220;El Gobierno quiere quitarles autonom\u00eda a los fiscales. A todos. No solo a m\u00ed como procuradora&#8221;, sostuvo Gils Carb\u00f3 tras las cr\u00edticas del Ejecutivo en su contra. &nbsp; La&#8230;<\/p>\n","protected":false},"author":3,"featured_media":14335,"comment_status":"closed","ping_status":"closed","sticky":false,"template":"","format":"standard","meta":[],"categories":[18],"tags":[],"_links":{"self":[{"href":"https:\/\/www.actualidadadiario.com\/index.php\/wp-json\/wp\/v2\/posts\/14334"}],"collection":[{"href":"https:\/\/www.actualidadadiario.com\/index.php\/wp-json\/wp\/v2\/posts"}],"about":[{"href":"https:\/\/www.actualidadadiario.com\/index.php\/wp-json\/wp\/v2\/types\/post"}],"author":[{"embeddable":true,"href":"https:\/\/www.actualidadadiario.com\/index.php\/wp-json\/wp\/v2\/users\/3"}],"replies":[{"embeddable":true,"href":"https:\/\/www.actualidadadiario.com\/index.php\/wp-json\/wp\/v2\/comments?post=14334"}],"version-history":[{"count":1,"href":"https:\/\/www.actualidadadiario.com\/index.php\/wp-json\/wp\/v2\/posts\/14334\/revisions"}],"predecessor-version":[{"id":14336,"href":"https:\/\/www.actualidadadiario.com\/index.php\/wp-json\/wp\/v2\/posts\/14334\/revisions\/14336"}],"wp:featuredmedia":[{"embeddable":true,"href":"https:\/\/www.actualidadadiario.com\/index.php\/wp-json\/wp\/v2\/media\/14335"}],"wp:attachment":[{"href":"https:\/\/www.actualidadadiario.com\/index.php\/wp-json\/wp\/v2\/media?parent=14334"}],"wp:term":[{"taxonomy":"category","embeddable":true,"href":"https:\/\/www.actualidadadiario.com\/index.php\/wp-json\/wp\/v2\/categories?post=14334"},{"taxonomy":"post_tag","embeddable":true,"href":"https:\/\/www.actualidadadiario.com\/index.php\/wp-json\/wp\/v2\/tags?post=14334"}],"curies":[{"name":"wp","href":"https:\/\/api.w.org\/{rel}","templated":true}]}}