{"id":14331,"date":"2017-07-17T12:24:40","date_gmt":"2017-07-17T15:24:40","guid":{"rendered":"http:\/\/actualidadadiario.com\/site\/?p=14331"},"modified":"2017-07-17T12:24:40","modified_gmt":"2017-07-17T15:24:40","slug":"macri-tomo-juramento-a-aguad-en-defensa-y-a-finocchiaro-en-educacion-son-buena-gente-con-buenas-intenciones","status":"publish","type":"post","link":"https:\/\/www.actualidadadiario.com\/index.php\/2017\/07\/17\/macri-tomo-juramento-a-aguad-en-defensa-y-a-finocchiaro-en-educacion-son-buena-gente-con-buenas-intenciones\/","title":{"rendered":"Macri tom\u00f3 juramento a Aguad en Defensa y a Finocchiaro en Educaci\u00f3n: &#8220;Son buena gente con buenas intenciones&#8221;"},"content":{"rendered":"<p><em><strong>El Presidente firm\u00f3 las designaciones de los nuevos funcionarios en plena campa\u00f1a electoral acompa\u00f1ado de todo su equipo de trabajo y de la gobernadora Mar\u00eda Eugenia Vidal<\/strong><\/em><\/p>\n<p>&nbsp;<\/p>\n<p>&nbsp;<\/p>\n<p>&nbsp;<\/p>\n<p>El presidente Mauricio Macri tom\u00f3 juramento a los nuevos ministros de Educaci\u00f3n, Alejandro Finocchiaro y de Defensa, Oscar Aguad. En un breve acto, sostuvo que &#8220;Son buena gente con buenas intenciones&#8221; dijo sobre sus nuevos colaboradores.<\/p>\n<p>&nbsp;<\/p>\n<p>Al momento de referirse a sus funcionarios, Macri pidi\u00f3 &#8220;estar cerca de la gente&#8221; y a Finocchiaro le remarc\u00f3 que &#8220;todos queremos lo mismo, mejores oportunidades para nuestros chicos y para todos los argentinos&#8221;.<\/p>\n<p>&nbsp;<\/p>\n<p>Acompa\u00f1ado de los Ministros salientes, Esteban Bullrich-que se meter\u00e1 de lleno en la campa\u00f1a que lo tiene como precandidato a Senador- y de Julio Mart\u00ednez, juraron los nuevos funcionarios nacionales en medio de la campa\u00f1a electoral que, para Cambiemos comenz\u00f3 el fin de semana con un timbreo.<\/p>\n<p>&nbsp;<\/p>\n<p>Al dedicarle unas palabras a los ministros que dejan su cargo, Macri agradeci\u00f3 &#8220;por hacer que los ciudadanos est\u00e9n cada d\u00eda un poco mejor&#8221;.<\/p>\n","protected":false},"excerpt":{"rendered":"<p>El Presidente firm\u00f3 las designaciones de los nuevos funcionarios en plena campa\u00f1a electoral acompa\u00f1ado de todo su equipo de trabajo y de la gobernadora Mar\u00eda Eugenia Vidal &nbsp; &nbsp; &nbsp; El presidente Mauricio Macri tom\u00f3 juramento a los nuevos ministros de Educaci\u00f3n, Alejandro Finocchiaro y de Defensa, Oscar Aguad. En un breve acto, sostuvo que &#8220;Son buena gente con buenas intenciones&#8221; dijo sobre sus nuevos colaboradores. &nbsp; Al momento de referirse a sus funcionarios, Macri pidi\u00f3 &#8220;estar cerca de la gente&#8221; y a Finocchiaro le remarc\u00f3 que &#8220;todos queremos lo&#8230;<\/p>\n","protected":false},"author":3,"featured_media":14332,"comment_status":"closed","ping_status":"closed","sticky":false,"template":"","format":"standard","meta":[],"categories":[2],"tags":[],"_links":{"self":[{"href":"https:\/\/www.actualidadadiario.com\/index.php\/wp-json\/wp\/v2\/posts\/14331"}],"collection":[{"href":"https:\/\/www.actualidadadiario.com\/index.php\/wp-json\/wp\/v2\/posts"}],"about":[{"href":"https:\/\/www.actualidadadiario.com\/index.php\/wp-json\/wp\/v2\/types\/post"}],"author":[{"embeddable":true,"href":"https:\/\/www.actualidadadiario.com\/index.php\/wp-json\/wp\/v2\/users\/3"}],"replies":[{"embeddable":true,"href":"https:\/\/www.actualidadadiario.com\/index.php\/wp-json\/wp\/v2\/comments?post=14331"}],"version-history":[{"count":1,"href":"https:\/\/www.actualidadadiario.com\/index.php\/wp-json\/wp\/v2\/posts\/14331\/revisions"}],"predecessor-version":[{"id":14333,"href":"https:\/\/www.actualidadadiario.com\/index.php\/wp-json\/wp\/v2\/posts\/14331\/revisions\/14333"}],"wp:featuredmedia":[{"embeddable":true,"href":"https:\/\/www.actualidadadiario.com\/index.php\/wp-json\/wp\/v2\/media\/14332"}],"wp:attachment":[{"href":"https:\/\/www.actualidadadiario.com\/index.php\/wp-json\/wp\/v2\/media?parent=14331"}],"wp:term":[{"taxonomy":"category","embeddable":true,"href":"https:\/\/www.actualidadadiario.com\/index.php\/wp-json\/wp\/v2\/categories?post=14331"},{"taxonomy":"post_tag","embeddable":true,"href":"https:\/\/www.actualidadadiario.com\/index.php\/wp-json\/wp\/v2\/tags?post=14331"}],"curies":[{"name":"wp","href":"https:\/\/api.w.org\/{rel}","templated":true}]}}