{"id":14328,"date":"2017-07-17T12:23:47","date_gmt":"2017-07-17T15:23:47","guid":{"rendered":"http:\/\/actualidadadiario.com\/site\/?p=14328"},"modified":"2017-07-17T12:23:47","modified_gmt":"2017-07-17T15:23:47","slug":"comienza-la-cumbre-del-mercosur-y-habra-tension-con-uruguay-por-el-aumento-de-aranceles","status":"publish","type":"post","link":"https:\/\/www.actualidadadiario.com\/index.php\/2017\/07\/17\/comienza-la-cumbre-del-mercosur-y-habra-tension-con-uruguay-por-el-aumento-de-aranceles\/","title":{"rendered":"Comienza la Cumbre del Mercosur y habr\u00e1 tensi\u00f3n con Uruguay por el aumento de aranceles"},"content":{"rendered":"<p><em><strong>Es la tasa consular, que subi\u00f3 50%; las quejas son por violar el intento general de eliminar trabas<\/strong><\/em><\/p>\n<p>&nbsp;<\/p>\n<p>&nbsp;<\/p>\n<p>&nbsp;<\/p>\n<p>Luego de un a\u00f1o y siete meses, hoy y hasta el viernes se desarrollar\u00e1 una nueva cumbre del Mercosur, en la ciudad de Mendoza, donde el pico de tensi\u00f3n estar\u00e1 dado por el debate sobre el aumento de aranceles internos por parte de Uruguay, que provoc\u00f3 la reacci\u00f3n del resto de los socios.<\/p>\n<p>&nbsp;<\/p>\n<p>Mientras a nivel formal la Argentina entregar\u00e1 esta semana a Brasil la presidencia rotativa semestral del Mercosur, fuentes gubernamentales aseguraron ayer a BAE Negocios que el incremento inconsulto de la tasa consular, decidido por el presidente Tabar\u00e9 V\u00e1zquez, ser\u00e1 motivo de una fuerte discusi\u00f3n. Ser\u00e1 a partir del mi\u00e9rcoles, cuando se re\u00fanan los vicecancilleres en el marco del Grupo del Mercado Com\u00fan, y que continuar\u00e1 hasta el final de la cumbre, cuando posiblemente el tema sea abordado por los cuatro presidentes.<\/p>\n<p>&nbsp;<\/p>\n<p>Como adelant\u00f3 este diario, el gobierno de Uruguay decidi\u00f3 aumentar los aranceles a bienes de consumo y como esto afecta a los pa\u00edses del bloque, adem\u00e1s de la extrazona, la Canciller\u00eda ya envi\u00f3 un pedido de explicaciones al pa\u00eds vecino que nunca tuvo respuesta. Uruguay enfrenta un enorme d\u00e9ficit fiscal y para reducirlo, subir\u00e1 la tasa consular, que es un arancel a las importaciones.<\/p>\n<p>&nbsp;<\/p>\n<p>En el caso de los pa\u00edses del Mercosur, pasar\u00e1 del 2% al 3%; y del 2% al 5% para los pa\u00edses extrazona, en tanto que se da la particularidad de que M\u00e9xico no pagar\u00e1 incrementos, gracias al acuerdo de libre comercio que mantienen ambos pa\u00edses.<\/p>\n<p>&nbsp;<\/p>\n<p>Las fuentes oficiales indicaron que &#8220;el tema de la tasa consultar est\u00e1 previsto que se trate. Ha sido una medida irritante e inesperada, cuando lo que estamos buscando dentro del Mercosur es allanar los caminos para que cada d\u00eda haya menos trabas internas al ingreso de los productos&#8221;. A mediados de junio, la Embajada argentina en Uruguay inform\u00f3 al Gobierno sobre el aumento de la tasa, que est\u00e1 en tr\u00e1mite por iniciativa del Ministerio de Econom\u00eda. Mediante una carta, la Canciller\u00eda pidi\u00f3 a la Embajada que exprese el desacuerdo con la medida.<\/p>\n<p>&nbsp;<\/p>\n<p>En lo que respecta al cronograma de la cumbre, hoy y ma\u00f1ana habr\u00e1 rondas t\u00e9cnicas preparatorias; el mi\u00e9rcoles, cita de vicecancilleres; jueves, reuni\u00f3n del Consejo del Mercosur con los cancilleres, adem\u00e1s de encuentros entre ministros de Econom\u00eda, Producci\u00f3n y titulares de los bancos centrales. Finalmente, el viernes por la ma\u00f1ana ser\u00e1 la cumbre de presidentes.<\/p>\n<p>&nbsp;<\/p>\n<p>Con la presencia del presidente Mauricio Macri como anfitri\u00f3n, ya confirmaron su asistencia los mandatarios de Brasil, Michel Temer, de Bolivia, Evo Morales (su pa\u00eds est\u00e1 en pleno proceso de adhesi\u00f3n), y de Chile, Michelle Bachelet, uno de los pa\u00edses asociados.<\/p>\n<p>&nbsp;<\/p>\n<p>Tambi\u00e9n se espera la visita del mandatario de Paraguay, Horacio Cartes, y de Tabar\u00e9 V\u00e1zquez, miembros plenos del Mercosur junto con la Argentina y Brasil.<\/p>\n<p>&nbsp;<\/p>\n<p>El mi\u00e9rcoles, tambi\u00e9n tendr\u00e1 lugar un seminario, con funcionarios y acad\u00e9micos, entre el Mercosur y la Alianza del Pac\u00edfico, compuesta por Chile, Per\u00fa, Colombia y M\u00e9xico.<\/p>\n","protected":false},"excerpt":{"rendered":"<p>Es la tasa consular, que subi\u00f3 50%; las quejas son por violar el intento general de eliminar trabas &nbsp; &nbsp; &nbsp; Luego de un a\u00f1o y siete meses, hoy y hasta el viernes se desarrollar\u00e1 una nueva cumbre del Mercosur, en la ciudad de Mendoza, donde el pico de tensi\u00f3n estar\u00e1 dado por el debate sobre el aumento de aranceles internos por parte de Uruguay, que provoc\u00f3 la reacci\u00f3n del resto de los socios. &nbsp; Mientras a nivel formal la Argentina entregar\u00e1 esta semana a Brasil la presidencia rotativa semestral&#8230;<\/p>\n","protected":false},"author":3,"featured_media":14329,"comment_status":"closed","ping_status":"closed","sticky":false,"template":"","format":"standard","meta":[],"categories":[9],"tags":[],"_links":{"self":[{"href":"https:\/\/www.actualidadadiario.com\/index.php\/wp-json\/wp\/v2\/posts\/14328"}],"collection":[{"href":"https:\/\/www.actualidadadiario.com\/index.php\/wp-json\/wp\/v2\/posts"}],"about":[{"href":"https:\/\/www.actualidadadiario.com\/index.php\/wp-json\/wp\/v2\/types\/post"}],"author":[{"embeddable":true,"href":"https:\/\/www.actualidadadiario.com\/index.php\/wp-json\/wp\/v2\/users\/3"}],"replies":[{"embeddable":true,"href":"https:\/\/www.actualidadadiario.com\/index.php\/wp-json\/wp\/v2\/comments?post=14328"}],"version-history":[{"count":1,"href":"https:\/\/www.actualidadadiario.com\/index.php\/wp-json\/wp\/v2\/posts\/14328\/revisions"}],"predecessor-version":[{"id":14330,"href":"https:\/\/www.actualidadadiario.com\/index.php\/wp-json\/wp\/v2\/posts\/14328\/revisions\/14330"}],"wp:featuredmedia":[{"embeddable":true,"href":"https:\/\/www.actualidadadiario.com\/index.php\/wp-json\/wp\/v2\/media\/14329"}],"wp:attachment":[{"href":"https:\/\/www.actualidadadiario.com\/index.php\/wp-json\/wp\/v2\/media?parent=14328"}],"wp:term":[{"taxonomy":"category","embeddable":true,"href":"https:\/\/www.actualidadadiario.com\/index.php\/wp-json\/wp\/v2\/categories?post=14328"},{"taxonomy":"post_tag","embeddable":true,"href":"https:\/\/www.actualidadadiario.com\/index.php\/wp-json\/wp\/v2\/tags?post=14328"}],"curies":[{"name":"wp","href":"https:\/\/api.w.org\/{rel}","templated":true}]}}