{"id":14321,"date":"2017-07-17T12:19:38","date_gmt":"2017-07-17T15:19:38","guid":{"rendered":"http:\/\/actualidadadiario.com\/site\/?p=14321"},"modified":"2017-07-17T12:19:38","modified_gmt":"2017-07-17T15:19:38","slug":"las-provincias-se-blindan-con-proyecto-contra-fondos","status":"publish","type":"post","link":"https:\/\/www.actualidadadiario.com\/index.php\/2017\/07\/17\/las-provincias-se-blindan-con-proyecto-contra-fondos\/","title":{"rendered":"Las provincias se blindan con proyecto contra fondos"},"content":{"rendered":"<p><em><strong>Temen que la Corte haga lugar a reclamo de Buenos Aires para dejar sin efecto tope al Fondo del Conurbano. Gobernadores se opondr\u00e1n a quita<\/strong><\/em><\/p>\n<p>&nbsp;<\/p>\n<p>&nbsp;<\/p>\n<p>&nbsp;<\/p>\n<p>Entre R\u00edos plante\u00f3 la batalla contra el reclamo de Buenos Aires por eliminar el techo de $650 millones al Fondo del Conurbano con una estrategia en el Congreso, a trav\u00e9s de proyectos de declaraci\u00f3n en ambas c\u00e1maras que ya tuvieron adhesi\u00f3n de otras provincias.<\/p>\n<p>&nbsp;<\/p>\n<p>La senadora Sigrid Kunath y el diputado Julio Solanas, que responden al gobernador Gustavo Bordet, llevaron iniciativas a la Legislatura que advierten sobre la p\u00e9rdida de ingresos de las provincias en el caso de que se haga lugar al pedido de Mar\u00eda Eugenia Vidal, quien solicita dejar sin efecto el tope al Fondo del Conurbano -que rige desde 1996- y recibir recursos extra por unos $300 mil millones.<\/p>\n<p>&nbsp;<\/p>\n<p>La causa, por la cual fueron citados todos los distritos a exponer ante la Corte Suprema, implicar\u00eda un recorte de remesas para el resto de las provincias, en caso de que se favorezca el reclamo de Vidal. Y desde las provincias ya adelantaron que se opondr\u00e1n a una quita, como era previsible.<\/p>\n<p>&nbsp;<\/p>\n<p>En el caso entrerriano, el proyecto de declaraci\u00f3n de la senadora Kunath (no es un proyecto de ley que pida una modificaci\u00f3n al r\u00e9gimen de reparto de fondos coparticipables) se\u00f1ala su &#8220;preocupaci\u00f3n por la demanda entablada por la provincia de Buenos Aires contra el Estado Nacional y el traslado de la misma al conjunto de las provincias&#8221;. Kunath estima en $3.500 millones la merma para Entre R\u00edos si avanza un fallo favorable para que se compense a Buenos Aires por el congelamiento del importe del fondo alimentado por el 10% de lo recaudado por Impuesto a las Ganancias, el cual surgi\u00f3 como un parche por los puntos de coparticipaci\u00f3n perdidos por los bonaerenses en 1988.<\/p>\n<p>&nbsp;<\/p>\n<p>El proyecto tambi\u00e9n cont\u00f3 con el apoyo de Pedro Guastavino (Entre R\u00edos), Marcelo Fuentes (Neuqu\u00e9n), Omar Perotti (Santa Fe), Norma Durango (La Pampa), Beatriz Mirkin (Tucum\u00e1n), Mar\u00eda Ester Labado (Santa Cruz), Liliana Fellner (Jujuy), Teresita Luna (La Rioja) y Mar\u00eda In\u00e9s Pilatti Vergara (Chaco). &#8220;Entendemos que es \u00e9sta una cuesti\u00f3n que debe ser abordada de inmediato por el Congreso Nacional, y que requiere de una respuesta pol\u00edtica arribada a trav\u00e9s de un acuerdo entre todos los actores participantes&#8221;, dice el texto.<\/p>\n<p>&nbsp;<\/p>\n<p>Por su parte, el diputado Julio Solanas solicit\u00f3 al Poder Ejecutivo un informe sobre la cuesti\u00f3n y alert\u00f3 sobre las consecuencias de un gui\u00f1o a Buenos Aires: las provincias ceder\u00edan $63.000 millones en 2018, y Entre R\u00edos unos $3.300 millones. As\u00ed, Solanas pidi\u00f3 que se &#8220;convoque de forma urgente a los gobernadores de las 24 jurisdicciones a fin de arribar a un acuerdo, con el objetivo de salvaguardar la continuidad institucional y econ\u00f3mica de cada una de estas administraciones&#8221;.<\/p>\n<p>&nbsp;<\/p>\n<p>El rechazo desde las provincias al pedido de Buenos Aires era esperado, y R\u00edo Negro y Neuqu\u00e9n ya hab\u00edan adelantado su postura negativa a trav\u00e9s de sus fiscales de Estado.<\/p>\n<p>&nbsp;<\/p>\n<p>Adem\u00e1s, la liga de gobernadores peronistas de C\u00f3rdoba, Chaco, Tucum\u00e1n, Tierra del Fuego, La Rioja, Catamarca, Misiones, Santa Cruz (tambi\u00e9n Entre R\u00edos) tanteaban estrategias conjuntas para que los fondos para Buenos Aires surgieran de Naci\u00f3n y no de un recorte a las provincias.<\/p>\n","protected":false},"excerpt":{"rendered":"<p>Temen que la Corte haga lugar a reclamo de Buenos Aires para dejar sin efecto tope al Fondo del Conurbano. Gobernadores se opondr\u00e1n a quita &nbsp; &nbsp; &nbsp; Entre R\u00edos plante\u00f3 la batalla contra el reclamo de Buenos Aires por eliminar el techo de $650 millones al Fondo del Conurbano con una estrategia en el Congreso, a trav\u00e9s de proyectos de declaraci\u00f3n en ambas c\u00e1maras que ya tuvieron adhesi\u00f3n de otras provincias. &nbsp; La senadora Sigrid Kunath y el diputado Julio Solanas, que responden al gobernador Gustavo Bordet, llevaron iniciativas&#8230;<\/p>\n","protected":false},"author":3,"featured_media":14322,"comment_status":"closed","ping_status":"closed","sticky":false,"template":"","format":"standard","meta":[],"categories":[2],"tags":[],"_links":{"self":[{"href":"https:\/\/www.actualidadadiario.com\/index.php\/wp-json\/wp\/v2\/posts\/14321"}],"collection":[{"href":"https:\/\/www.actualidadadiario.com\/index.php\/wp-json\/wp\/v2\/posts"}],"about":[{"href":"https:\/\/www.actualidadadiario.com\/index.php\/wp-json\/wp\/v2\/types\/post"}],"author":[{"embeddable":true,"href":"https:\/\/www.actualidadadiario.com\/index.php\/wp-json\/wp\/v2\/users\/3"}],"replies":[{"embeddable":true,"href":"https:\/\/www.actualidadadiario.com\/index.php\/wp-json\/wp\/v2\/comments?post=14321"}],"version-history":[{"count":1,"href":"https:\/\/www.actualidadadiario.com\/index.php\/wp-json\/wp\/v2\/posts\/14321\/revisions"}],"predecessor-version":[{"id":14323,"href":"https:\/\/www.actualidadadiario.com\/index.php\/wp-json\/wp\/v2\/posts\/14321\/revisions\/14323"}],"wp:featuredmedia":[{"embeddable":true,"href":"https:\/\/www.actualidadadiario.com\/index.php\/wp-json\/wp\/v2\/media\/14322"}],"wp:attachment":[{"href":"https:\/\/www.actualidadadiario.com\/index.php\/wp-json\/wp\/v2\/media?parent=14321"}],"wp:term":[{"taxonomy":"category","embeddable":true,"href":"https:\/\/www.actualidadadiario.com\/index.php\/wp-json\/wp\/v2\/categories?post=14321"},{"taxonomy":"post_tag","embeddable":true,"href":"https:\/\/www.actualidadadiario.com\/index.php\/wp-json\/wp\/v2\/tags?post=14321"}],"curies":[{"name":"wp","href":"https:\/\/api.w.org\/{rel}","templated":true}]}}