{"id":14317,"date":"2017-07-17T12:15:31","date_gmt":"2017-07-17T15:15:31","guid":{"rendered":"http:\/\/actualidadadiario.com\/site\/?p=14317"},"modified":"2017-07-17T12:15:31","modified_gmt":"2017-07-17T15:15:31","slug":"advierten-que-no-se-recuperan-ni-el-consumo-ni-la-inversion","status":"publish","type":"post","link":"https:\/\/www.actualidadadiario.com\/index.php\/2017\/07\/17\/advierten-que-no-se-recuperan-ni-el-consumo-ni-la-inversion\/","title":{"rendered":"Advierten que no se recuperan ni el consumo ni la inversi\u00f3n"},"content":{"rendered":"<p><em><strong>Los indicadores de ambos factores econ\u00f3micos no muestran una mejora, indica un informe del Centro de Investigaci\u00f3n y Formaci\u00f3n de la Argentina<\/strong><\/em><\/p>\n<p>&nbsp;<\/p>\n<p>&nbsp;<\/p>\n<p>&nbsp;<\/p>\n<p>El leve crecimiento y la desaceleraci\u00f3n de la inflaci\u00f3n no reflejan un &#8220;cambio sustentable de tendencia&#8221; en la actividad econ\u00f3mica, porque no se recuperar\u00e1 el consumo ni la inversi\u00f3n, seg\u00fan un informe del Centro de Investigaci\u00f3n y Formaci\u00f3n de la Argentina (CIFRA).<\/p>\n<p>&nbsp;<\/p>\n<p>El informe se\u00f1ala que con &#8220;el sector primario, de servicios, financiero y la construcci\u00f3n, impulsada por la obra p\u00fablica, explicaron el cambio de tendencia, en tanto que la industria disminuy\u00f3 el v\u00e9rtigo de la ca\u00edda y en mayo anot\u00f3 el primer crecimiento interanual tras 15 meses negativos&#8221;.<\/p>\n<p>&nbsp;<\/p>\n<p>Agrega que m\u00e1s all\u00e1 de esas mejoras hay &#8220;una escasa sustentabilidad&#8221; para que el cambio de tendencia contin\u00fae&#8221;.<\/p>\n<p>&nbsp;<\/p>\n<p>El estudio agrega que ello se debe a los acuerdos paritarios por debajo del nivel de inflaci\u00f3n e &#8220;indican que el consumo no ser\u00e1 la variable decisiva para sustentar el crecimiento&#8221;.<\/p>\n<p>&nbsp;<\/p>\n<p>Agrega tambi\u00e9n que &#8220;son escasas las oportunidades de inversi\u00f3n productiva en el marco del sostenimiento de altas tasas de inter\u00e9s, la apreciaci\u00f3n cambiaria y la compleja situaci\u00f3n internacional en la que resalta la crisis de Brasil&#8221;.<\/p>\n<p>&nbsp;<\/p>\n<p>&#8220;Bajo estas circunstancias, los problemas en el sector externo se acentuaron en el marco del nuevo ciclo de endeudamiento, la valorizaci\u00f3n financiera y la fuga de capitales&#8221;, a\u00f1ade el trabajo del CIFRA que depende de la Central de Trabajadores (CTA).<\/p>\n<p>&nbsp;<\/p>\n<p>Recuerda que en el primer semestre las colocaciones de deuda totalizaron 33.948 millones y que fueron &#8220;similares al endeudamiento de todo el 2016&#8221;.<\/p>\n","protected":false},"excerpt":{"rendered":"<p>Los indicadores de ambos factores econ\u00f3micos no muestran una mejora, indica un informe del Centro de Investigaci\u00f3n y Formaci\u00f3n de la Argentina &nbsp; &nbsp; &nbsp; El leve crecimiento y la desaceleraci\u00f3n de la inflaci\u00f3n no reflejan un &#8220;cambio sustentable de tendencia&#8221; en la actividad econ\u00f3mica, porque no se recuperar\u00e1 el consumo ni la inversi\u00f3n, seg\u00fan un informe del Centro de Investigaci\u00f3n y Formaci\u00f3n de la Argentina (CIFRA). &nbsp; El informe se\u00f1ala que con &#8220;el sector primario, de servicios, financiero y la construcci\u00f3n, impulsada por la obra p\u00fablica, explicaron el cambio&#8230;<\/p>\n","protected":false},"author":3,"featured_media":13394,"comment_status":"closed","ping_status":"closed","sticky":false,"template":"","format":"standard","meta":[],"categories":[2],"tags":[],"_links":{"self":[{"href":"https:\/\/www.actualidadadiario.com\/index.php\/wp-json\/wp\/v2\/posts\/14317"}],"collection":[{"href":"https:\/\/www.actualidadadiario.com\/index.php\/wp-json\/wp\/v2\/posts"}],"about":[{"href":"https:\/\/www.actualidadadiario.com\/index.php\/wp-json\/wp\/v2\/types\/post"}],"author":[{"embeddable":true,"href":"https:\/\/www.actualidadadiario.com\/index.php\/wp-json\/wp\/v2\/users\/3"}],"replies":[{"embeddable":true,"href":"https:\/\/www.actualidadadiario.com\/index.php\/wp-json\/wp\/v2\/comments?post=14317"}],"version-history":[{"count":1,"href":"https:\/\/www.actualidadadiario.com\/index.php\/wp-json\/wp\/v2\/posts\/14317\/revisions"}],"predecessor-version":[{"id":14318,"href":"https:\/\/www.actualidadadiario.com\/index.php\/wp-json\/wp\/v2\/posts\/14317\/revisions\/14318"}],"wp:featuredmedia":[{"embeddable":true,"href":"https:\/\/www.actualidadadiario.com\/index.php\/wp-json\/wp\/v2\/media\/13394"}],"wp:attachment":[{"href":"https:\/\/www.actualidadadiario.com\/index.php\/wp-json\/wp\/v2\/media?parent=14317"}],"wp:term":[{"taxonomy":"category","embeddable":true,"href":"https:\/\/www.actualidadadiario.com\/index.php\/wp-json\/wp\/v2\/categories?post=14317"},{"taxonomy":"post_tag","embeddable":true,"href":"https:\/\/www.actualidadadiario.com\/index.php\/wp-json\/wp\/v2\/tags?post=14317"}],"curies":[{"name":"wp","href":"https:\/\/api.w.org\/{rel}","templated":true}]}}