{"id":14311,"date":"2017-07-17T12:12:30","date_gmt":"2017-07-17T15:12:30","guid":{"rendered":"http:\/\/actualidadadiario.com\/site\/?p=14311"},"modified":"2017-07-17T12:12:30","modified_gmt":"2017-07-17T15:12:30","slug":"la-cgt-parana-manifesto-su-desacuerdo-con-la-fecha-elegida-para-la-movilizacion-nacional","status":"publish","type":"post","link":"https:\/\/www.actualidadadiario.com\/index.php\/2017\/07\/17\/la-cgt-parana-manifesto-su-desacuerdo-con-la-fecha-elegida-para-la-movilizacion-nacional\/","title":{"rendered":"La CGT Paran\u00e1 manifest\u00f3 su desacuerdo con la fecha elegida para la movilizaci\u00f3n nacional"},"content":{"rendered":"<p><em><strong>Desde la CGT Regional Paran\u00e1 lamentaron que no sea antes del 22 de agosto la protesta nacional por la situaci\u00f3n econ\u00f3mica del pa\u00eds y que no se haya tenido en cuenta a los dirigentes de las provincias para tomar la determinaci\u00f3n de la fecha<\/strong><\/em><\/p>\n<p>&nbsp;<\/p>\n<p>&nbsp;<\/p>\n<p>&nbsp;<\/p>\n<p>&nbsp;<\/p>\n<p>Barbieri lament\u00f3 que la fecha no sea antes del 22 de agosto, tal como anunci\u00f3 la CGT nacional: \u201cNos hubiese gustado que sea antes y que se nos hubiese convocado a un encuentro confederal para que el resto de los dirigentes que estamos en las provincias podamos opinar, dar nuestra visi\u00f3n y ser parte de la determinaci\u00f3n de las medidas y las fechas en que se realizan las protestas\u201d, sostuvo.<\/p>\n<p>&nbsp;<\/p>\n<p>El dirigente agreg\u00f3 que la fecha se eligi\u00f3 para que no se tome como una cuesti\u00f3n pol\u00edtica teniendo y que no incida en las PASO. \u201cMe parece un argumento no v\u00e1lido, porque cada vez que vamos a protestar o a decir algo siempre se nos dice que tomamos posici\u00f3n por una u otra lista u otro partido. M\u00e1s de uno dir\u00e1 el 22 de agosto que hay que esperar hasta despu\u00e9s de octubre, luego de las elecciones legislativas\u201d, expres\u00f3.<\/p>\n<p>&nbsp;<\/p>\n<p>El dirigente agreg\u00f3 que dirigentes locales se comunicaron con la CGT nacional para expresar el desacuerdo. \u201cLa situaci\u00f3n no ha cambiado mucho\u201d, manifest\u00f3.<\/p>\n<p>&nbsp;<\/p>\n<p>\u201cEl martes nos reuniremos con la preocupaci\u00f3n del cierre de las fuentes de trabajo, el avance de las importaciones, que en el caso de Pepsico influyeron fuertemente, y por una pretendida flexibilizaci\u00f3n laboral que pretende aplicar el Gobierno nacional el forma encubierta\u201d, finaliz\u00f3 Barbieri<\/p>\n","protected":false},"excerpt":{"rendered":"<p>Desde la CGT Regional Paran\u00e1 lamentaron que no sea antes del 22 de agosto la protesta nacional por la situaci\u00f3n econ\u00f3mica del pa\u00eds y que no se haya tenido en cuenta a los dirigentes de las provincias para tomar la determinaci\u00f3n de la fecha &nbsp; &nbsp; &nbsp; &nbsp; Barbieri lament\u00f3 que la fecha no sea antes del 22 de agosto, tal como anunci\u00f3 la CGT nacional: \u201cNos hubiese gustado que sea antes y que se nos hubiese convocado a un encuentro confederal para que el resto de los dirigentes que&#8230;<\/p>\n","protected":false},"author":3,"featured_media":14312,"comment_status":"closed","ping_status":"closed","sticky":false,"template":"","format":"standard","meta":[],"categories":[15],"tags":[],"_links":{"self":[{"href":"https:\/\/www.actualidadadiario.com\/index.php\/wp-json\/wp\/v2\/posts\/14311"}],"collection":[{"href":"https:\/\/www.actualidadadiario.com\/index.php\/wp-json\/wp\/v2\/posts"}],"about":[{"href":"https:\/\/www.actualidadadiario.com\/index.php\/wp-json\/wp\/v2\/types\/post"}],"author":[{"embeddable":true,"href":"https:\/\/www.actualidadadiario.com\/index.php\/wp-json\/wp\/v2\/users\/3"}],"replies":[{"embeddable":true,"href":"https:\/\/www.actualidadadiario.com\/index.php\/wp-json\/wp\/v2\/comments?post=14311"}],"version-history":[{"count":1,"href":"https:\/\/www.actualidadadiario.com\/index.php\/wp-json\/wp\/v2\/posts\/14311\/revisions"}],"predecessor-version":[{"id":14313,"href":"https:\/\/www.actualidadadiario.com\/index.php\/wp-json\/wp\/v2\/posts\/14311\/revisions\/14313"}],"wp:featuredmedia":[{"embeddable":true,"href":"https:\/\/www.actualidadadiario.com\/index.php\/wp-json\/wp\/v2\/media\/14312"}],"wp:attachment":[{"href":"https:\/\/www.actualidadadiario.com\/index.php\/wp-json\/wp\/v2\/media?parent=14311"}],"wp:term":[{"taxonomy":"category","embeddable":true,"href":"https:\/\/www.actualidadadiario.com\/index.php\/wp-json\/wp\/v2\/categories?post=14311"},{"taxonomy":"post_tag","embeddable":true,"href":"https:\/\/www.actualidadadiario.com\/index.php\/wp-json\/wp\/v2\/tags?post=14311"}],"curies":[{"name":"wp","href":"https:\/\/api.w.org\/{rel}","templated":true}]}}