{"id":14305,"date":"2017-07-17T12:10:49","date_gmt":"2017-07-17T15:10:49","guid":{"rendered":"http:\/\/actualidadadiario.com\/site\/?p=14305"},"modified":"2017-07-17T12:10:49","modified_gmt":"2017-07-17T15:10:49","slug":"el-enemigo-que-tenemos-es-cambiemos-el-pro-macri-y-frigerio","status":"publish","type":"post","link":"https:\/\/www.actualidadadiario.com\/index.php\/2017\/07\/17\/el-enemigo-que-tenemos-es-cambiemos-el-pro-macri-y-frigerio\/","title":{"rendered":"&#8220;El enemigo que tenemos es Cambiemos, el PRO, Macri y Frigerio&#8221;"},"content":{"rendered":"<p><em><strong>La precandidata a diputada nacional en la lista que impulsa el gobernador Gustavo Bordet, Mayda Cresto, se\u00f1al\u00f3 como oponentes a las pol\u00edticas nacionales. En el mismo sentido se hab\u00eda pronunciado su compa\u00f1ero de lista, Juan Jos\u00e9 Bahillo<\/strong><\/em><\/p>\n<p>&nbsp;<\/p>\n<p>&nbsp;<\/p>\n<p>&nbsp;<\/p>\n<p>La precandidata a Diputada Nacional, representante del frente &#8220;Somos Entre R\u00edos&#8221;, Mayda Cresto revel\u00f3 que fue tenida en cuenta por Bordet para la integraci\u00f3n de la lista &#8220;por la gesti\u00f3n de estos siete a\u00f1os al frente del Instituto Becario, que ha sido muy buena&#8221;. Tambi\u00e9n se\u00f1al\u00f3 que &#8220;Cresto \u00a0es un apellido muy reconocido a nivel provincial y en la ciudad de Concordia&#8221;.<\/p>\n<p>&nbsp;<\/p>\n<p>En di\u00e1logo con el programa radial La Tribu (radio Del Sur), la precandidata se refiri\u00f3 a la decisi\u00f3n de Bordet de impulsar una n\u00f3mina en particular. &#8220;El gobernador tiene todo el derecho de armar una lista conformada por candidatos que, cuando est\u00e9n en el Congreso, trabajen en equipo, defiendan los intereses de la provincia y colaboren con el afianzamiento de las pol\u00edticas y cuestiones que se han logrado en estos 17 meses de gesti\u00f3n y tambi\u00e9n que ayuden a proyectar lo que queda de tiempo&#8221;.<\/p>\n<p>&nbsp;<\/p>\n<p>Luego, aludi\u00f3 a la conformaci\u00f3n de 10 listas en el marco del Frente Justicialista Somos Entre R\u00edos y a expres\u00f3: &#8220;Bordet ha garantizado que otras nueve listas se presenten. Inclusive no se ha puesto ning\u00fan tipo de trabas y se ayud\u00f3 a algunas que tuvieron problemas t\u00e9cnicos al momento de la presentaci\u00f3n y se les dio un plazo de 48 horas para que los solucionaran&#8221;.<\/p>\n<p>&nbsp;<\/p>\n<p>&#8220;Como peronistas, tenemos que estar muy orgullosos porque vamos a tener un proceso electoral garantizado con todas las condiciones como debe ser. Esto antes no pasaba&#8221;, compar\u00f3 la precandidata. &#8220;Tenemos que aprovecharlo como militantes y como peronistas para fortalecer al peronismo, para hacerlo crecer, para renovarlo y salir a buscar al compa\u00f1ero que est\u00e1 enojado o al vecino que est\u00e1 disconforme&#8221;, agreg\u00f3.<\/p>\n<p>&nbsp;<\/p>\n<p>Consultada respecto de los dichos del ex senador nacional Augusto Alasino, precandidato de otra de las listas que competir\u00e1n en agosto, quien plante\u00f3 que &#8220;a la lista de Bordet la armaron entre Urribarri y Busti&#8221;, Cresto respondi\u00f3: &#8220;A eso habr\u00eda que pregunt\u00e1rselo a Bordet. Esa una respuesta que tiene que dar el gobernador. Yo no estuve en las negociaciones&#8221;.<\/p>\n<p>&nbsp;<\/p>\n<p>Luego, expres\u00f3: &#8220;Bordet es una persona que no necesita consensuar con otros, ya que tiene la autoridad para proponer y conformar una lista como conductor del peronismo y como gobernador. Lo que s\u00ed entiendo es que en este momento necesitamos estar todos juntos porque el peronismo tiene que estar unido y cualquier militante es valioso para hacer frente al enemigo que tenemos en este momento, que es el PRO, que es Macri, Frigerio y estas pol\u00edticas nacionales que estamos sufriendo los ciudadanos en el bolsillo&#8221;, defini\u00f3 Cresto.<\/p>\n<p>&nbsp;<\/p>\n<p>M\u00e1s adelante, la precandidata dijo sentirse &#8220;orgullosa&#8221; por haber sido convocada y agreg\u00f3: &#8220;Me siento capaz. Soy una persona muy responsable y muy trabajadora. Eso ya es mi forma de ser y lo he demostrado en esta oportunidad que tuve de llevar adelante una responsabilidad&#8221;.<\/p>\n<p>&nbsp;<\/p>\n<p>La funcionaria record\u00f3 luego: &#8220;A la primera oportunidad me la dio Urribarri cuando me convoc\u00f3 para ser directora del Becario, organismo en el que trabajo hace 22 a\u00f1os y que dirijo hace 7. Entonces demostr\u00e9 mi capacidad abocada al trabajo con responsabilidad&#8221;.<\/p>\n<p>&nbsp;<\/p>\n<p>Acerca de su precandidatura, Cresto se\u00f1al\u00f3: &#8220;Pienso que tener la posibilidad de estar en el Congreso de la Naci\u00f3n es muy bueno para ayudar a todos los entrerrianos, para defender los intereses de la provincia, los de mi Concordia, los de Paran\u00e1, que es la ciudad donde vivo desde hace 22 a\u00f1os y de cada rinc\u00f3n de la provincia&#8221;.<\/p>\n<p>&nbsp;<\/p>\n<p>&#8220;Ac\u00e1 no tenemos que nacionalizar la elecci\u00f3n. Nosotros no estamos votando o decidiendo por Cristina, por Randazzo o por Massa. Ac\u00e1 estamos hablando de una elecci\u00f3n provincial, de poder tener diputados en el Congreso que defiendan nuestras pol\u00edticas. Uno ve que lo que se consume en la casa es la televisi\u00f3n nacional y nos pretenden meter eso en la cabeza y no es as\u00ed. Ac\u00e1 lo que vale es tener bien en claro cu\u00e1l es el objetivo y es salir a defender los proyectos que hoy est\u00e1n en el Congreso e ir por nuevos proyectos que acompa\u00f1en las pol\u00edticas del gobernador&#8221;, sostuvo Cresto.<\/p>\n<p>&nbsp;<\/p>\n<p>Luego, defini\u00f3: &#8220;Esas nuevas pol\u00edticas son todo lo que tenga que ver con el desarrollo humano, la dignidad de la persona, con el trabajo digno, con la educaci\u00f3n, algo tan importante y que nosotros desde el Instituto Becario venimos trabajando permanentemente, acompa\u00f1ando a los j\u00f3venes que son el futuro de la provincia, buscando la manera de generar nuevas herramientas para que no solamente no haya un solo joven que no acceda al estudio, al t\u00edtulo que el d\u00eda de ma\u00f1ana le d\u00e9 la posibilidad de conseguir un buen trabajo, sino principalmente sentirse digno como ser humano, que sea una persona feliz, que pueda ayudar a su familia y tenga desarrollo y crecimiento personal&#8221;.<\/p>\n<p>&nbsp;<\/p>\n<p>&#8220;Tambi\u00e9n todo lo que tenga que ver con el sector productivo, los peque\u00f1os y medianos comerciantes y, en general, todo lo que se necesite para que la provincia crezca y siga en este camino que ha emprendido el gobernador&#8221;, apunt\u00f3 luego.<\/p>\n<p>&nbsp;<\/p>\n<p>La precandidata expres\u00f3: &#8220;Quiero decirle a la comunidad que es importante que se interiorice de todo este proceso porque estamos decidiendo futuros representantes de la provincia en el Congreso de la Naci\u00f3n. Es muy importante que se apoye a la Lista N\u00ba2, que es la lista que el gobernador necesita para poder seguir defendiendo los intereses de la provincia, para poder seguir afianzando los logros obtenidos hasta ahora y, principalmente, para frenar toda esta ola de despidos, de falta de trabajo, de quita de derechos que venimos sufriendo desde que comenz\u00f3 esta gesti\u00f3n a nivel nacional&#8221;.<\/p>\n<p>&nbsp;<\/p>\n<p>&#8220;Quiz\u00e1s el vecino no lo nota, pero el gobernador y todo su equipo vienen trabajando fuertemente para revertir esto en la provincia y que no sean un golpe tan duro para el ciudadano todas estas pol\u00edticas que se est\u00e1n desmantelando a nivel nacional, tanto en lo social como en lo educativo y en lo sanitario. Entre R\u00edos se viene haciendo cargo permanentemente y est\u00e1 pasando en todos los \u00e1mbitos. A m\u00ed me pasa en el Becario con el transporte escolar rural, donde la Naci\u00f3n no mand\u00f3 el dinero que correspond\u00eda y estamos viendo la manera de que eso no repercuta en los ni\u00f1os y en los j\u00f3venes que lo utilizan d\u00eda a d\u00eda&#8221;, revel\u00f3 luego.<\/p>\n<p>&nbsp;<\/p>\n<p>Por \u00faltimo, expuso: &#8220;Esto se est\u00e1 dando en los hospitales con los insumos, en los programas que se est\u00e1n cortando. Nos est\u00e1 pasando con las becas Progresar, que las est\u00e1n cortando. Son 21.000 entrerrianos que la cobraban y a todo eso lo absorber\u00e1 el Becario, van a pedir aqu\u00ed. El gobernador est\u00e1 trabajando con todos sus funcionarios para que el entrerriano no sienta tan fuertemente toda esta pol\u00edtica de recorte y por eso tenemos que ser conscientes, interiorizarnos, ir a votar como corresponde el 13 y tambi\u00e9n el 22 de octubre porque estamos definiendo cuestiones muy importantes a nivel provincial&#8221;, complet\u00f3.<\/p>\n","protected":false},"excerpt":{"rendered":"<p>La precandidata a diputada nacional en la lista que impulsa el gobernador Gustavo Bordet, Mayda Cresto, se\u00f1al\u00f3 como oponentes a las pol\u00edticas nacionales. En el mismo sentido se hab\u00eda pronunciado su compa\u00f1ero de lista, Juan Jos\u00e9 Bahillo &nbsp; &nbsp; &nbsp; La precandidata a Diputada Nacional, representante del frente &#8220;Somos Entre R\u00edos&#8221;, Mayda Cresto revel\u00f3 que fue tenida en cuenta por Bordet para la integraci\u00f3n de la lista &#8220;por la gesti\u00f3n de estos siete a\u00f1os al frente del Instituto Becario, que ha sido muy buena&#8221;. Tambi\u00e9n se\u00f1al\u00f3 que &#8220;Cresto \u00a0es un&#8230;<\/p>\n","protected":false},"author":3,"featured_media":14306,"comment_status":"closed","ping_status":"closed","sticky":false,"template":"","format":"standard","meta":[],"categories":[9,15],"tags":[],"_links":{"self":[{"href":"https:\/\/www.actualidadadiario.com\/index.php\/wp-json\/wp\/v2\/posts\/14305"}],"collection":[{"href":"https:\/\/www.actualidadadiario.com\/index.php\/wp-json\/wp\/v2\/posts"}],"about":[{"href":"https:\/\/www.actualidadadiario.com\/index.php\/wp-json\/wp\/v2\/types\/post"}],"author":[{"embeddable":true,"href":"https:\/\/www.actualidadadiario.com\/index.php\/wp-json\/wp\/v2\/users\/3"}],"replies":[{"embeddable":true,"href":"https:\/\/www.actualidadadiario.com\/index.php\/wp-json\/wp\/v2\/comments?post=14305"}],"version-history":[{"count":1,"href":"https:\/\/www.actualidadadiario.com\/index.php\/wp-json\/wp\/v2\/posts\/14305\/revisions"}],"predecessor-version":[{"id":14307,"href":"https:\/\/www.actualidadadiario.com\/index.php\/wp-json\/wp\/v2\/posts\/14305\/revisions\/14307"}],"wp:featuredmedia":[{"embeddable":true,"href":"https:\/\/www.actualidadadiario.com\/index.php\/wp-json\/wp\/v2\/media\/14306"}],"wp:attachment":[{"href":"https:\/\/www.actualidadadiario.com\/index.php\/wp-json\/wp\/v2\/media?parent=14305"}],"wp:term":[{"taxonomy":"category","embeddable":true,"href":"https:\/\/www.actualidadadiario.com\/index.php\/wp-json\/wp\/v2\/categories?post=14305"},{"taxonomy":"post_tag","embeddable":true,"href":"https:\/\/www.actualidadadiario.com\/index.php\/wp-json\/wp\/v2\/tags?post=14305"}],"curies":[{"name":"wp","href":"https:\/\/api.w.org\/{rel}","templated":true}]}}