{"id":14303,"date":"2017-07-17T12:09:52","date_gmt":"2017-07-17T15:09:52","guid":{"rendered":"http:\/\/actualidadadiario.com\/site\/?p=14303"},"modified":"2017-07-17T12:09:52","modified_gmt":"2017-07-17T15:09:52","slug":"iosper-dice-que-la-discusion-por-los-honorarios-estara-cerrada-hasta-agosto","status":"publish","type":"post","link":"https:\/\/www.actualidadadiario.com\/index.php\/2017\/07\/17\/iosper-dice-que-la-discusion-por-los-honorarios-estara-cerrada-hasta-agosto\/","title":{"rendered":"Iosper dice que la discusi\u00f3n por los honorarios estar\u00e1 cerrada hasta agosto"},"content":{"rendered":"<p><em><strong>El director Docente, Marcelo Pagani, calific\u00f3 la medida de la Femer como una &#8220;barbaridad&#8221;<\/strong><\/em><\/p>\n<p>&nbsp;<\/p>\n<p>&nbsp;<\/p>\n<p>&nbsp;<\/p>\n<p>El representante por los docentes en el Directorio del Iosper, Marcelo Pagani, volvi\u00f3 a cuestionar la medida de protesta de la Federaci\u00f3n M\u00e9dica de Entre R\u00edos (Femer), que durante el jueves y viernes de la semana anterior resolvi\u00f3 suspender la atenci\u00f3n m\u00e9dica mediante \u00f3rdenes de la obra social.<\/p>\n<p>&nbsp;<\/p>\n<p>El dirigente calific\u00f3 la protesta como una &#8220;barbaridad&#8221; debido a que el ajuste de valores que pretende la corporaci\u00f3n que nuclea a los m\u00e9dicos no se equipara con la recomposici\u00f3n salarial otorgada a los trabajadores. El aporte de los agentes de la administraci\u00f3n p\u00fablica provincial y municipal, es casi la \u00fanica fuente de financiamiento directo de la obra social. &#8220;Nosotros hemos puesto con la Femer todas las herramientas en la negociaci\u00f3n. Saben que se aprob\u00f3 un 15% de aumento en marzo, que de ninguna manera fue el aumento que tuvieron los trabajadores del Estado. Entendieron los afiliados, en esta disputa, qui\u00e9n tiene raz\u00f3n &#8220;, dijo Pagani. Es la \u00fanica autoridad de la primera l\u00ednea dentro del Directorio que se ha manifestado p\u00fablicamente sobre el asunto.<\/p>\n<p>&nbsp;<\/p>\n<p>Sobre el impacto que el &#8220;corte&#8221; en las prestaciones ambulatorias tuvo para los afiliados, Pagani evalu\u00f3: &#8220;No hubo grandes inconvenientes. Como en realidad no abarcaba las urgencias, que estaban absolutamente garantizadas, seguramente el afiliado que ten\u00eda previsto un turno para jueves y viernes, pudo haberlo trasladado para la semana siguiente&#8221;.<\/p>\n<p>&nbsp;<\/p>\n<p>Sin perder de vista que la discusi\u00f3n de fondo radica en la concreci\u00f3n de un nuevo convenio prestacional, Pagani fue tajante al afirmar que &#8220;la discusi\u00f3n por los honorarios la tenemos clausurada hasta el mes de agosto. Porque en ese mes se har\u00eda efectiva la parte m\u00e1s importante del aumento a los estatales, sobre todo al sector docente que es del 13,5%&#8221;. Consider\u00f3 que una vez que entre en vigencia la nueva pauta salarial, se pondr\u00edan sentar a dialogar con Femer y los dem\u00e1s prestadores. De igual manera marc\u00f3 la postura que tendr\u00e1 la conducci\u00f3n de la obra social cuando se retome la negociaci\u00f3n. &#8220;Se va a reanudar el di\u00e1logo, esa es por lo menos la voluntad del Directorio, sobre todo aspectos que no signifiquen aumentos en los honorarios&#8221;.<\/p>\n<p>&nbsp;<\/p>\n<p>De la misma manera record\u00f3 que la \u00faltima recomposici\u00f3n en los aranceles se concret\u00f3 en marzo, cuando el Iosper acord\u00f3 una suba del 15% no solo para los m\u00e9dicos, sino para todos los prestadores. &#8220;Ese aumento en los aranceles de ninguna manera fue el que recibieron los trabajadores del Estado&#8221;, compar\u00f3 Pagani en alusi\u00f3n a la primera paritaria.<\/p>\n<p>&nbsp;<\/p>\n<p>En este contexto afirm\u00f3 que el principal reclamo de la Femer apunta a lograr un incremento en el valor de la orden de consulta, que en la actualidad se ubica en 245 pesos, de los cuales 155 pesos abona la obra social y los 90 restante los cubre el afiliado mediante el coseguro. &#8220;Es una barbaridad porque el incremento que a la fecha han recibido los trabajadores ha sido del 9%; aumentar el coseguro impacta en los trabajadores, lo mismo que la suba del valor que deber\u00e1 pagar la obra social&#8221;, acot\u00f3 el director docente.<\/p>\n<p>&nbsp;<\/p>\n<p>&nbsp;<\/p>\n<p><strong>La demanda de \u00f3rdenes<\/strong><\/p>\n<p>La medida de fuerza dispuesta entre el jueves y el viernes por uno de los principales prestadores seguramente habr\u00e1 hecho mermar la demanda de \u00f3rdenes de los afiliados. Seg\u00fan Pagani la demanda anual &#8220;es de 1.000.000 de \u00f3rdenes de consulta, es decir que estamos hablando de casi 100.000 \u00f3rdenes mensuales. Por lo que hablamos de un prestador que no gana pocos recursos de la obra social&#8221;. Est\u00e1 tercero en facturaci\u00f3n, despu\u00e9s del Colegio de Farmac\u00e9uticos y Acler.<\/p>\n","protected":false},"excerpt":{"rendered":"<p>El director Docente, Marcelo Pagani, calific\u00f3 la medida de la Femer como una &#8220;barbaridad&#8221; &nbsp; &nbsp; &nbsp; El representante por los docentes en el Directorio del Iosper, Marcelo Pagani, volvi\u00f3 a cuestionar la medida de protesta de la Federaci\u00f3n M\u00e9dica de Entre R\u00edos (Femer), que durante el jueves y viernes de la semana anterior resolvi\u00f3 suspender la atenci\u00f3n m\u00e9dica mediante \u00f3rdenes de la obra social. &nbsp; El dirigente calific\u00f3 la protesta como una &#8220;barbaridad&#8221; debido a que el ajuste de valores que pretende la corporaci\u00f3n que nuclea a los m\u00e9dicos&#8230;<\/p>\n","protected":false},"author":3,"featured_media":13997,"comment_status":"closed","ping_status":"closed","sticky":false,"template":"","format":"standard","meta":[],"categories":[9,15],"tags":[],"_links":{"self":[{"href":"https:\/\/www.actualidadadiario.com\/index.php\/wp-json\/wp\/v2\/posts\/14303"}],"collection":[{"href":"https:\/\/www.actualidadadiario.com\/index.php\/wp-json\/wp\/v2\/posts"}],"about":[{"href":"https:\/\/www.actualidadadiario.com\/index.php\/wp-json\/wp\/v2\/types\/post"}],"author":[{"embeddable":true,"href":"https:\/\/www.actualidadadiario.com\/index.php\/wp-json\/wp\/v2\/users\/3"}],"replies":[{"embeddable":true,"href":"https:\/\/www.actualidadadiario.com\/index.php\/wp-json\/wp\/v2\/comments?post=14303"}],"version-history":[{"count":1,"href":"https:\/\/www.actualidadadiario.com\/index.php\/wp-json\/wp\/v2\/posts\/14303\/revisions"}],"predecessor-version":[{"id":14304,"href":"https:\/\/www.actualidadadiario.com\/index.php\/wp-json\/wp\/v2\/posts\/14303\/revisions\/14304"}],"wp:featuredmedia":[{"embeddable":true,"href":"https:\/\/www.actualidadadiario.com\/index.php\/wp-json\/wp\/v2\/media\/13997"}],"wp:attachment":[{"href":"https:\/\/www.actualidadadiario.com\/index.php\/wp-json\/wp\/v2\/media?parent=14303"}],"wp:term":[{"taxonomy":"category","embeddable":true,"href":"https:\/\/www.actualidadadiario.com\/index.php\/wp-json\/wp\/v2\/categories?post=14303"},{"taxonomy":"post_tag","embeddable":true,"href":"https:\/\/www.actualidadadiario.com\/index.php\/wp-json\/wp\/v2\/tags?post=14303"}],"curies":[{"name":"wp","href":"https:\/\/api.w.org\/{rel}","templated":true}]}}