{"id":14283,"date":"2017-07-11T11:48:31","date_gmt":"2017-07-11T14:48:31","guid":{"rendered":"http:\/\/actualidadadiario.com\/site\/?p=14283"},"modified":"2017-07-11T11:48:31","modified_gmt":"2017-07-11T14:48:31","slug":"punta-lara-salio-a-la-calle-por-el-femicidio-de-emma-cordoba","status":"publish","type":"post","link":"https:\/\/www.actualidadadiario.com\/index.php\/2017\/07\/11\/punta-lara-salio-a-la-calle-por-el-femicidio-de-emma-cordoba\/","title":{"rendered":"Punta Lara sali\u00f3 a la calle por el femicidio de Emma C\u00f3rdoba"},"content":{"rendered":"<p><em><strong>Se neg\u00f3 a declarar el detenido por el crimen de la estudiante de medicina en Punta Lara. Fue violada y asesinada. Pero el agresor tambi\u00e9n atac\u00f3 a una compa\u00f1era<\/strong><\/em><\/p>\n<p>&nbsp;<\/p>\n<p>&nbsp;<\/p>\n<p>&nbsp;<\/p>\n<p>Miles de personas, en su mayor\u00eda integrantes de la comunidad educativa universitaria, participaron este lunes de una masiva movilizaci\u00f3n en la ciudad de La Plata, donde marcharon para pedir justicia por el crimen de Mar\u00eda Emma C\u00f3rdoba, la estudiante de medicina de 26 a\u00f1os que fue violada y asesinada en su domicilio de la localidad de Punta Lara.<\/p>\n<p>&nbsp;<\/p>\n<p>Estudiantes, docentes, familiares y amigos de la v\u00edctima se concentraron este lunes a partir de las 17:00 en la intersecci\u00f3n de 120 y 60, de la capital provincial, para luego marchar por las calles de la ciudad hasta la sede de la gobernaci\u00f3n.<\/p>\n<p>&nbsp;<\/p>\n<p>No menos de 4.000 personas iniciaron la movilizaci\u00f3n estudiantil que estuvo encabezada por una bandera donde se le\u00eda: &#8220;Justicia por Emma&#8221;.<\/p>\n<p>&nbsp;<\/p>\n<p>Cerca de 10.000 personas se reunieron frente a la sede de la gobernaci\u00f3n donde culmin\u00f3 la marcha.<\/p>\n<p>&nbsp;<\/p>\n<p>All\u00ed, integrantes de distintas organizaciones estudiantiles expresaron su pedido de justicia por el crimen de la joven.<\/p>\n<p>&nbsp;<\/p>\n<p>&#8220;Que esta bestia tenga perpetua y se pudra en la c\u00e1rcel. Perdimos a otra compa\u00f1era&#8221;, dijo frente a la multitud una integrante del Centro de Estudiantes de la universidad platense de medicina.<\/p>\n<p>&nbsp;<\/p>\n<p>En su discurso, la joven pregunt\u00f3: \u00bfQu\u00e9 tiene que suceder para que esto no vuelva a ocurrir?<\/p>\n<p>&nbsp;<\/p>\n<p>&#8220;Ac\u00e1 se visibiliz\u00f3 una gran lucha. Queremos perpetua para (Ariel) Baez&#8221;, indic\u00f3.<\/p>\n<p>&nbsp;<\/p>\n<p>En las redes sociales, el Centro de Estudiantes hab\u00eda publicado: &#8220;Porque no queremos que sea una m\u00e1s en la lista, porque no podemos creer que Emma sea una de esas chicas que cada 36 horas pierden su vida a causa de la violencia, creemos que es necesario reclamar por justicia&#8221;.<\/p>\n<p>&nbsp;<\/p>\n<p>La Universidad Nacional de La Plata (UNLP) decret\u00f3 este lunes un d\u00eda de duelo en el \u00e1mbito universitario por el crimen de la estudiante.<\/p>\n<p>&nbsp;<\/p>\n<p>En tanto, el incalificable imputado por el crimen de la estudiante de medicina se neg\u00f3 a declarar y seguir\u00e1 detenido.<\/p>\n","protected":false},"excerpt":{"rendered":"<p>Se neg\u00f3 a declarar el detenido por el crimen de la estudiante de medicina en Punta Lara. Fue violada y asesinada. Pero el agresor tambi\u00e9n atac\u00f3 a una compa\u00f1era &nbsp; &nbsp; &nbsp; Miles de personas, en su mayor\u00eda integrantes de la comunidad educativa universitaria, participaron este lunes de una masiva movilizaci\u00f3n en la ciudad de La Plata, donde marcharon para pedir justicia por el crimen de Mar\u00eda Emma C\u00f3rdoba, la estudiante de medicina de 26 a\u00f1os que fue violada y asesinada en su domicilio de la localidad de Punta Lara&#8230;.<\/p>\n","protected":false},"author":3,"featured_media":14284,"comment_status":"closed","ping_status":"closed","sticky":false,"template":"","format":"standard","meta":[],"categories":[4],"tags":[],"_links":{"self":[{"href":"https:\/\/www.actualidadadiario.com\/index.php\/wp-json\/wp\/v2\/posts\/14283"}],"collection":[{"href":"https:\/\/www.actualidadadiario.com\/index.php\/wp-json\/wp\/v2\/posts"}],"about":[{"href":"https:\/\/www.actualidadadiario.com\/index.php\/wp-json\/wp\/v2\/types\/post"}],"author":[{"embeddable":true,"href":"https:\/\/www.actualidadadiario.com\/index.php\/wp-json\/wp\/v2\/users\/3"}],"replies":[{"embeddable":true,"href":"https:\/\/www.actualidadadiario.com\/index.php\/wp-json\/wp\/v2\/comments?post=14283"}],"version-history":[{"count":1,"href":"https:\/\/www.actualidadadiario.com\/index.php\/wp-json\/wp\/v2\/posts\/14283\/revisions"}],"predecessor-version":[{"id":14285,"href":"https:\/\/www.actualidadadiario.com\/index.php\/wp-json\/wp\/v2\/posts\/14283\/revisions\/14285"}],"wp:featuredmedia":[{"embeddable":true,"href":"https:\/\/www.actualidadadiario.com\/index.php\/wp-json\/wp\/v2\/media\/14284"}],"wp:attachment":[{"href":"https:\/\/www.actualidadadiario.com\/index.php\/wp-json\/wp\/v2\/media?parent=14283"}],"wp:term":[{"taxonomy":"category","embeddable":true,"href":"https:\/\/www.actualidadadiario.com\/index.php\/wp-json\/wp\/v2\/categories?post=14283"},{"taxonomy":"post_tag","embeddable":true,"href":"https:\/\/www.actualidadadiario.com\/index.php\/wp-json\/wp\/v2\/tags?post=14283"}],"curies":[{"name":"wp","href":"https:\/\/api.w.org\/{rel}","templated":true}]}}