{"id":14280,"date":"2017-07-11T11:47:46","date_gmt":"2017-07-11T14:47:46","guid":{"rendered":"http:\/\/actualidadadiario.com\/site\/?p=14280"},"modified":"2017-07-11T11:47:46","modified_gmt":"2017-07-11T14:47:46","slug":"detenido-de-manera-ilegal-en-esquel-lider-mapuche-denuncia-persecucion-politica","status":"publish","type":"post","link":"https:\/\/www.actualidadadiario.com\/index.php\/2017\/07\/11\/detenido-de-manera-ilegal-en-esquel-lider-mapuche-denuncia-persecucion-politica\/","title":{"rendered":"Detenido de manera ilegal en Esquel, l\u00edder mapuche denuncia &#8220;persecuci\u00f3n pol\u00edtica&#8221;"},"content":{"rendered":"<p><em><strong>Al igual que Cambiemos impulsa causas con complicidad de ciertos magistrados y funcionarios judiciales contra referentes de la oposici\u00f3n, reproduce esta misma t\u00e1ctica para callar movimientos sociales e ind\u00edgenas que luchan por los derechos de sus comunidades. Facundo Jones Huala y Milagro Sala, son dos claros ejemplos<\/strong><\/em><\/p>\n<p>&nbsp;<\/p>\n<p>&nbsp;<\/p>\n<p>&nbsp;<\/p>\n<p>El 27 de junio, Gustavo Villanueva, juez federal de Bariloche, orden\u00f3 la detenci\u00f3n de Facundo Jones Huala, lonko del Pu-Lof en Resistencia del departamento de Cushamen, a ra\u00edz del pedido de extradici\u00f3n realizado por las autoridades chilenas. Sin embargo, despu\u00e9s de una primera detenci\u00f3n en mayo del a\u00f1o pasado, el proceso fue declarado nulo por el juez federal Guido Otranto, ya que la informaci\u00f3n que hab\u00eda derivado en la detenci\u00f3n del Lonko hab\u00eda sido obtenida mediante torturas a un testigo. Cuando la corte Suprema es la que se debe pronunciar, Villanueva volvi\u00f3 a ordenar su detenci\u00f3n, de manera completamente ilegal.<\/p>\n<p>&nbsp;<\/p>\n<p>\u201cNosotros consideramos esta situaci\u00f3n dentro del contexto de una escalada de violencia pol\u00edtica generalizada contra la causa mapuche, de la que soy militante y, en mi territorio, autoridad pol\u00edtica filos\u00f3fica, en cuanto lonko\u201d, explic\u00f3 hace pocos d\u00edas en radio Presente.<\/p>\n<p>&nbsp;<\/p>\n<p>\u201cEntendemos que para el Ministerio de Seguridad que dirige Patricia Bullrich, las comunidades mapuches son un peligro para la seguridad nacional, por nuestras demandas pol\u00edticas y territoriales. Si representamos un peligro real es para las inversiones capitalistas trasnacionales y para los oligarcas criollos, enemigos hist\u00f3ricos del pueblo mapuche, porque nuestra propuesta pol\u00edtica tiene ra\u00edz y se expande en las comunidades. No luchamos por concesiones o reformas superficiales, sino por la reconstrucci\u00f3n integra de la naci\u00f3n mapuche\u201d, denunci\u00f3 el referente ind\u00edgena.<\/p>\n<p>&nbsp;<\/p>\n<p>Recientemente, la manifestaci\u00f3n que repudi\u00f3 el rechazo a su excarcelaci\u00f3n frente a Tribunales y que fue brutalmente reprimida con un gran accionar policial, parece haber dado frutos: \u201cEstuve unos d\u00edas en aislamiento, en una celda de castigo, me quitaron mis medicinales tradicionales, pero a partir de la movilizaci\u00f3n hubo un cambio de r\u00e9gimen\u201d, revel\u00f3 sobre los maltratos a los que fue sometido.<\/p>\n<p>&nbsp;<\/p>\n<p>Por su parte, la abogada Elizabeth G\u00f3mez Alcorta -que tambi\u00e9n es parte del equipo legal que defiende a Milagro Sala- relacion\u00f3 ambas causas con &#8220;una clara decisi\u00f3n pol\u00edtica de combatir al enemigo pol\u00edtico ya sean referentes sociales, ind\u00edgenas o pol\u00edticos por medio de la persecuci\u00f3n judicial&#8221;.<\/p>\n<p>&nbsp;<\/p>\n<p>&#8220;Es muy dif\u00edcil cuando hay ciertas reglas que son la constituci\u00f3n, los tratados internacionales, los c\u00f3digos procesales y te encontr\u00e1s con jueces o fiscales que no cumplen esas reglas. Por eso tenemos que ir a recurrir a instancias internacionales, ir a pedir a la Comisi\u00f3n Interamericana, ir a las Naciones Unidas&#8221;, advirti\u00f3 G\u00f3mez Alcorta en declaraciones a radio Libre.<\/p>\n","protected":false},"excerpt":{"rendered":"<p>Al igual que Cambiemos impulsa causas con complicidad de ciertos magistrados y funcionarios judiciales contra referentes de la oposici\u00f3n, reproduce esta misma t\u00e1ctica para callar movimientos sociales e ind\u00edgenas que luchan por los derechos de sus comunidades. Facundo Jones Huala y Milagro Sala, son dos claros ejemplos &nbsp; &nbsp; &nbsp; El 27 de junio, Gustavo Villanueva, juez federal de Bariloche, orden\u00f3 la detenci\u00f3n de Facundo Jones Huala, lonko del Pu-Lof en Resistencia del departamento de Cushamen, a ra\u00edz del pedido de extradici\u00f3n realizado por las autoridades chilenas. Sin embargo, despu\u00e9s&#8230;<\/p>\n","protected":false},"author":3,"featured_media":14281,"comment_status":"closed","ping_status":"closed","sticky":false,"template":"","format":"standard","meta":[],"categories":[4],"tags":[],"_links":{"self":[{"href":"https:\/\/www.actualidadadiario.com\/index.php\/wp-json\/wp\/v2\/posts\/14280"}],"collection":[{"href":"https:\/\/www.actualidadadiario.com\/index.php\/wp-json\/wp\/v2\/posts"}],"about":[{"href":"https:\/\/www.actualidadadiario.com\/index.php\/wp-json\/wp\/v2\/types\/post"}],"author":[{"embeddable":true,"href":"https:\/\/www.actualidadadiario.com\/index.php\/wp-json\/wp\/v2\/users\/3"}],"replies":[{"embeddable":true,"href":"https:\/\/www.actualidadadiario.com\/index.php\/wp-json\/wp\/v2\/comments?post=14280"}],"version-history":[{"count":1,"href":"https:\/\/www.actualidadadiario.com\/index.php\/wp-json\/wp\/v2\/posts\/14280\/revisions"}],"predecessor-version":[{"id":14282,"href":"https:\/\/www.actualidadadiario.com\/index.php\/wp-json\/wp\/v2\/posts\/14280\/revisions\/14282"}],"wp:featuredmedia":[{"embeddable":true,"href":"https:\/\/www.actualidadadiario.com\/index.php\/wp-json\/wp\/v2\/media\/14281"}],"wp:attachment":[{"href":"https:\/\/www.actualidadadiario.com\/index.php\/wp-json\/wp\/v2\/media?parent=14280"}],"wp:term":[{"taxonomy":"category","embeddable":true,"href":"https:\/\/www.actualidadadiario.com\/index.php\/wp-json\/wp\/v2\/categories?post=14280"},{"taxonomy":"post_tag","embeddable":true,"href":"https:\/\/www.actualidadadiario.com\/index.php\/wp-json\/wp\/v2\/tags?post=14280"}],"curies":[{"name":"wp","href":"https:\/\/api.w.org\/{rel}","templated":true}]}}