{"id":14274,"date":"2017-07-11T11:45:13","date_gmt":"2017-07-11T14:45:13","guid":{"rendered":"http:\/\/actualidadadiario.com\/site\/?p=14274"},"modified":"2017-07-11T11:45:13","modified_gmt":"2017-07-11T14:45:13","slug":"desde-cambiemos-insisten-en-destituir-a-gils-carbo-por-decreto","status":"publish","type":"post","link":"https:\/\/www.actualidadadiario.com\/index.php\/2017\/07\/11\/desde-cambiemos-insisten-en-destituir-a-gils-carbo-por-decreto\/","title":{"rendered":"Desde Cambiemos insisten en destituir a Gils Carb\u00f3 por decreto"},"content":{"rendered":"<p><em><strong>El diputado nacional y consejero de la Magistratura Pablo Tonelli afirm\u00f3 que &#8220;para nada&#8221; est\u00e1 descartada esa posibilidad en cuanto a las intenciones del Gobierno de correr de su cargo a la procuradora General de la Naci\u00f3n<\/strong><\/em><\/p>\n<p>&nbsp;<\/p>\n<p>&nbsp;<\/p>\n<p>&nbsp;<\/p>\n<p>&nbsp;<\/p>\n<p>El diputado nacional de Cambiemos y consejero de la Magistratura Pablo Tonelli afirm\u00f3 esta ma\u00f1ana que no descarta &#8220;para nada&#8221; la posibilidad de que la procuradora General de la Naci\u00f3n, Alejandra Gils Carb\u00f3, sea destituida por decreto del Poder Ejecutivo.<\/p>\n<p>&nbsp;<\/p>\n<p>&#8220;No lo descarto para nada&#8221;, respondi\u00f3 Tonelli al ser consultado por la radio FM Blue sobre la situaci\u00f3n de Gils Carb\u00f3, a quien la justicia federal investiga por presuntas irregularidades en la compra de un edificio para la Procuraci\u00f3n General de la Naci\u00f3n, al entender que &#8220;hay jurisprudencia muy a\u00f1eja&#8221; de la Corte Suprema de Justicia que as\u00ed lo establece.<\/p>\n<p>&nbsp;<\/p>\n<p>&#8220;Una cosa es respetar la institucionalidad y otra aceptar que funcionarios carentes de toda idoneidad y autonom\u00eda siga si\u00e9ndolo&#8221;, subray\u00f3.<\/p>\n<p>&nbsp;<\/p>\n<p>Adem\u00e1s, sostuvo que &#8220;el mecanismo de juicio pol\u00edtico para remover al Procurador est\u00e1 previsto en la ley org\u00e1nica de la Procuraci\u00f3n General de la Naci\u00f3n y ya hay jurisprudencia muy a\u00f1eja de la Corte Suprema&#8221; que establece que el procedimiento &#8220;s\u00f3lo lo puede establecer la Constituci\u00f3n y el hecho de que lo haga el Congreso es por lo tanto inconstitucional&#8221;.<\/p>\n<p>&nbsp;<\/p>\n<p>En tanto, la defensa de Gils Carb\u00f3 pidi\u00f3 hoy el sobreseimiento de la funcionaria en un escrito entregado al juez del caso, Juli\u00e1n Ercolini en la causa por la compra de un edificio para la Procuraci\u00f3n.<\/p>\n","protected":false},"excerpt":{"rendered":"<p>El diputado nacional y consejero de la Magistratura Pablo Tonelli afirm\u00f3 que &#8220;para nada&#8221; est\u00e1 descartada esa posibilidad en cuanto a las intenciones del Gobierno de correr de su cargo a la procuradora General de la Naci\u00f3n &nbsp; &nbsp; &nbsp; &nbsp; El diputado nacional de Cambiemos y consejero de la Magistratura Pablo Tonelli afirm\u00f3 esta ma\u00f1ana que no descarta &#8220;para nada&#8221; la posibilidad de que la procuradora General de la Naci\u00f3n, Alejandra Gils Carb\u00f3, sea destituida por decreto del Poder Ejecutivo. &nbsp; &#8220;No lo descarto para nada&#8221;, respondi\u00f3 Tonelli al&#8230;<\/p>\n","protected":false},"author":3,"featured_media":14275,"comment_status":"closed","ping_status":"closed","sticky":false,"template":"","format":"standard","meta":[],"categories":[9],"tags":[],"_links":{"self":[{"href":"https:\/\/www.actualidadadiario.com\/index.php\/wp-json\/wp\/v2\/posts\/14274"}],"collection":[{"href":"https:\/\/www.actualidadadiario.com\/index.php\/wp-json\/wp\/v2\/posts"}],"about":[{"href":"https:\/\/www.actualidadadiario.com\/index.php\/wp-json\/wp\/v2\/types\/post"}],"author":[{"embeddable":true,"href":"https:\/\/www.actualidadadiario.com\/index.php\/wp-json\/wp\/v2\/users\/3"}],"replies":[{"embeddable":true,"href":"https:\/\/www.actualidadadiario.com\/index.php\/wp-json\/wp\/v2\/comments?post=14274"}],"version-history":[{"count":1,"href":"https:\/\/www.actualidadadiario.com\/index.php\/wp-json\/wp\/v2\/posts\/14274\/revisions"}],"predecessor-version":[{"id":14276,"href":"https:\/\/www.actualidadadiario.com\/index.php\/wp-json\/wp\/v2\/posts\/14274\/revisions\/14276"}],"wp:featuredmedia":[{"embeddable":true,"href":"https:\/\/www.actualidadadiario.com\/index.php\/wp-json\/wp\/v2\/media\/14275"}],"wp:attachment":[{"href":"https:\/\/www.actualidadadiario.com\/index.php\/wp-json\/wp\/v2\/media?parent=14274"}],"wp:term":[{"taxonomy":"category","embeddable":true,"href":"https:\/\/www.actualidadadiario.com\/index.php\/wp-json\/wp\/v2\/categories?post=14274"},{"taxonomy":"post_tag","embeddable":true,"href":"https:\/\/www.actualidadadiario.com\/index.php\/wp-json\/wp\/v2\/tags?post=14274"}],"curies":[{"name":"wp","href":"https:\/\/api.w.org\/{rel}","templated":true}]}}