{"id":14271,"date":"2017-07-11T11:42:04","date_gmt":"2017-07-11T14:42:04","guid":{"rendered":"http:\/\/actualidadadiario.com\/site\/?p=14271"},"modified":"2017-07-11T11:42:04","modified_gmt":"2017-07-11T14:42:04","slug":"cambios-en-el-gabinete-aguad-a-defensa-y-finocchiaro-a-educacion","status":"publish","type":"post","link":"https:\/\/www.actualidadadiario.com\/index.php\/2017\/07\/11\/cambios-en-el-gabinete-aguad-a-defensa-y-finocchiaro-a-educacion\/","title":{"rendered":"Cambios en el Gabinete: Aguad a Defensa y Finocchiaro a Educaci\u00f3n"},"content":{"rendered":"<p><em><strong>Luego de la reuni\u00f3n que encabezara el Presidente, los ministros salientes anunciaron los nuevos cambios en el Gabinete de ministros. En tanto, Comunicaciones, pasar\u00e1 a ser una Secretar\u00eda, dependiente de Modernizaci\u00f3n<\/strong><\/em><\/p>\n<p>&nbsp;<\/p>\n<p>&nbsp;<\/p>\n<p>&nbsp;<\/p>\n<p>El presidente Mauricio Macri encabez\u00f3 hoy una reuni\u00f3n de gabinete en Casa Rosada, tras lo cual los ministros que dejar\u00e1n sus cargos para ser candidatos a legisladores oficiaron de voceros y anunciaron los nuevos cambios en los ministerios. De esta forma, habr\u00e1 dos nuevos ministros y un Ministerio pasar\u00e1 a tener rango de Secretar\u00eda.<\/p>\n<p>&nbsp;<\/p>\n<p>El actual ministro de Educaci\u00f3n bonaerense, Alejandro Finocchiaro, asumir\u00e1 este viernes como titular de la cartera educativa a nivel nacional, en tanto el actual ministro de Comunicaciones, Oscar Aguad, pasar\u00e1 a desempe\u00f1arse al frente de Defensa, y el secretario general de la gobernaci\u00f3n correntina, Carlos Vignolo, pasar\u00e1 a conducir el Plan Belgrano.<\/p>\n<p>&nbsp;<\/p>\n<p>As\u00ed lo anunciaron esta ma\u00f1ana en la Casa de Gobierno el actual ministro de Defensa y precandidato a senador nacional de Cambiemos por La Rioja, Julio Mart\u00ednez, y el titular del Plan Belgrano y precandidato a diputado nacional por Tucum\u00e1n, Jos\u00e9 Cano. No estaba presente en el intercambio con la prensa el actual ministro de Educaci\u00f3n saliente y tambi\u00e9n candidato, Esteban Bullrich.<\/p>\n<p>&nbsp;<\/p>\n<p>M\u00e1s tarde, el primer mandatario presidi\u00f3 una reuni\u00f3n de coordinaci\u00f3n de gobierno en su despacho de la Casa Rosada y a las las 12, mantendr\u00e1 una reuni\u00f3n de seguimiento de gesti\u00f3n del ministerio de Modernizaci\u00f3n con su titular, Andr\u00e9s Ibarra, y a las 16 har\u00e1 lo propio el titular de Finanzas, Luis Caputo.<\/p>\n","protected":false},"excerpt":{"rendered":"<p>Luego de la reuni\u00f3n que encabezara el Presidente, los ministros salientes anunciaron los nuevos cambios en el Gabinete de ministros. En tanto, Comunicaciones, pasar\u00e1 a ser una Secretar\u00eda, dependiente de Modernizaci\u00f3n &nbsp; &nbsp; &nbsp; El presidente Mauricio Macri encabez\u00f3 hoy una reuni\u00f3n de gabinete en Casa Rosada, tras lo cual los ministros que dejar\u00e1n sus cargos para ser candidatos a legisladores oficiaron de voceros y anunciaron los nuevos cambios en los ministerios. De esta forma, habr\u00e1 dos nuevos ministros y un Ministerio pasar\u00e1 a tener rango de Secretar\u00eda. &nbsp; El&#8230;<\/p>\n","protected":false},"author":3,"featured_media":14272,"comment_status":"closed","ping_status":"closed","sticky":false,"template":"","format":"standard","meta":[],"categories":[18],"tags":[],"_links":{"self":[{"href":"https:\/\/www.actualidadadiario.com\/index.php\/wp-json\/wp\/v2\/posts\/14271"}],"collection":[{"href":"https:\/\/www.actualidadadiario.com\/index.php\/wp-json\/wp\/v2\/posts"}],"about":[{"href":"https:\/\/www.actualidadadiario.com\/index.php\/wp-json\/wp\/v2\/types\/post"}],"author":[{"embeddable":true,"href":"https:\/\/www.actualidadadiario.com\/index.php\/wp-json\/wp\/v2\/users\/3"}],"replies":[{"embeddable":true,"href":"https:\/\/www.actualidadadiario.com\/index.php\/wp-json\/wp\/v2\/comments?post=14271"}],"version-history":[{"count":1,"href":"https:\/\/www.actualidadadiario.com\/index.php\/wp-json\/wp\/v2\/posts\/14271\/revisions"}],"predecessor-version":[{"id":14273,"href":"https:\/\/www.actualidadadiario.com\/index.php\/wp-json\/wp\/v2\/posts\/14271\/revisions\/14273"}],"wp:featuredmedia":[{"embeddable":true,"href":"https:\/\/www.actualidadadiario.com\/index.php\/wp-json\/wp\/v2\/media\/14272"}],"wp:attachment":[{"href":"https:\/\/www.actualidadadiario.com\/index.php\/wp-json\/wp\/v2\/media?parent=14271"}],"wp:term":[{"taxonomy":"category","embeddable":true,"href":"https:\/\/www.actualidadadiario.com\/index.php\/wp-json\/wp\/v2\/categories?post=14271"},{"taxonomy":"post_tag","embeddable":true,"href":"https:\/\/www.actualidadadiario.com\/index.php\/wp-json\/wp\/v2\/tags?post=14271"}],"curies":[{"name":"wp","href":"https:\/\/api.w.org\/{rel}","templated":true}]}}