{"id":14268,"date":"2017-07-11T11:39:35","date_gmt":"2017-07-11T14:39:35","guid":{"rendered":"http:\/\/actualidadadiario.com\/site\/?p=14268"},"modified":"2017-07-11T11:39:35","modified_gmt":"2017-07-11T14:39:35","slug":"cambiemos-y-el-massismo-compiten-por-sacar-provecho-de-la-situacion-de-de-vido","status":"publish","type":"post","link":"https:\/\/www.actualidadadiario.com\/index.php\/2017\/07\/11\/cambiemos-y-el-massismo-compiten-por-sacar-provecho-de-la-situacion-de-de-vido\/","title":{"rendered":"Cambiemos y el massismo compiten por sacar provecho de la situaci\u00f3n de De Vido"},"content":{"rendered":"<p><em><strong>El l\u00edder de 1Pa\u00eds pidi\u00f3 una sesi\u00f3n especial para sacarle fueros; el oficialismo quiere expulsarlo<\/strong><\/em><\/p>\n<p>&nbsp;<\/p>\n<p>&nbsp;<\/p>\n<p>&nbsp;<\/p>\n<p>&nbsp;<\/p>\n<p>A d\u00edas de que comience oficialmente la campa\u00f1a electoral, el centro de debate en el Congreso es la situaci\u00f3n del ex ministro de Planificaci\u00f3n Federal, Julio De Vido. La disputa por ver qui\u00e9n logra complicarle m\u00e1s el futuro en la C\u00e1mara de Diputados al ex funcionario kirchnerista la protagonizan el bloque oficialista Cambiemos y el frente 1Pa\u00eds, el espacio que lidera Sergio Massa.<\/p>\n<p>&nbsp;<\/p>\n<p>&nbsp;<\/p>\n<p>&nbsp;<\/p>\n<p>Con la intenci\u00f3n de tomar la delantera, el massimo convoc\u00f3 a una sesi\u00f3n especial para ma\u00f1ana en la que buscar\u00e1n debatir un proyecto de resoluci\u00f3n para que los legisladores acepten renunciar a sus fueros parlamentarios. Adem\u00e1s, quieren tratar una modificaci\u00f3n a la Ley de Fueros para que los integrantes del cuerpo puedan ser indagados penalmente por escrito.<\/p>\n<p>&nbsp;<\/p>\n<p>La movida del espacio que encabeza Massa, gener\u00f3 descontento en el interbloque de Cambiemos. Para el oficialismo la petici\u00f3n del tigrense tiene como \u00fanico objeto &#8220;hacer campa\u00f1a con el tema&#8221;.<\/p>\n<p>&nbsp;<\/p>\n<p>&#8220;Massa quiere que lo aplaudan a \u00e9l, nunca habla de De Vido&#8221;, incriminaron desde Cambiemos, cuyos referentes se reunieron ayer para avanzar con la expulsi\u00f3n del ex ministro.<\/p>\n<p>&nbsp;<\/p>\n<p>Los oficialistas decidieron convocar a la Comisi\u00f3n de Asuntos Constitucionales, cuerpo que preside el macrista Pablo Tonelli para debatir tres proyectos para expulsar a De Vido por &#8220;inhabilidad moral&#8221;. Tambi\u00e9n present\u00f3 una iniciativa del diputado Julio Raffo (Di\u00e1logo y Trabajo-UNA), a trav\u00e9s del cual se requieren las &#8220;copias de causas penales que involucran gravemente al diputado De Vido. En un principio, Cambiemos pretend\u00eda reunir a la comisi\u00f3n este mismo jueves, pero ante la seguridad de que le ser\u00e1 imposible conseguir el qu\u00f3rum necesario se vieron obligados a postergar la convocatoria para la semana pr\u00f3xima.<\/p>\n<p>&nbsp;<\/p>\n<p>Para que prosperen los proyectos en la Comisi\u00f3n de Asuntos Constitucionales, Cambiemos necesita de reunir la voluntad de otras fuerzas pol\u00edticas. &#8220;El d\u00eda que el peronismo progresista se siente a discutir la destituci\u00f3n de De Vido en serio, podremos llegar a creerles que no viven de campa\u00f1a&#8221;, chicaneaban ayer en el oficialismo.<\/p>\n<p>&nbsp;<\/p>\n<p>Anoche algunos pon\u00edan en duda que se realizara la sesi\u00f3n especial convocada por el massismo que, si bien est\u00e1 pedida formalmente, el titular de la C\u00e1mara baja, Emilio Monz\u00f3 no la convoc\u00f3 porque est\u00e1 de viaje.<\/p>\n<p>&nbsp;<\/p>\n<p>Algunas versiones indicaban que Cambiemos y los renovadores iniciaron negociaciones para que la semana pr\u00f3xima se pueda sus diputados se hicieran presentes en la reuni\u00f3n de comisi\u00f3n para darle luz verde a los proyectos de expulsi\u00f3n, que llevan las firmas de Elisa Carri\u00f3, Eduardo Costa, y la macrista Silvia Lospennato. Mientras tanto, todo indica que unos y otros se pelean en el fondo por ver qui\u00e9n saca mejor provecho de la situaci\u00f3n judicial del ex ministro de Planificaci\u00f3n. El viernes pasado, Massa y Margarita Stolbizer, precandidatos a senadores por la provincia, anunciaron que todos los postulantes de su frente electoral renunciar\u00e1n a sus fueros.<\/p>\n","protected":false},"excerpt":{"rendered":"<p>El l\u00edder de 1Pa\u00eds pidi\u00f3 una sesi\u00f3n especial para sacarle fueros; el oficialismo quiere expulsarlo &nbsp; &nbsp; &nbsp; &nbsp; A d\u00edas de que comience oficialmente la campa\u00f1a electoral, el centro de debate en el Congreso es la situaci\u00f3n del ex ministro de Planificaci\u00f3n Federal, Julio De Vido. La disputa por ver qui\u00e9n logra complicarle m\u00e1s el futuro en la C\u00e1mara de Diputados al ex funcionario kirchnerista la protagonizan el bloque oficialista Cambiemos y el frente 1Pa\u00eds, el espacio que lidera Sergio Massa. &nbsp; &nbsp; &nbsp; Con la intenci\u00f3n de tomar&#8230;<\/p>\n","protected":false},"author":3,"featured_media":14269,"comment_status":"closed","ping_status":"closed","sticky":false,"template":"","format":"standard","meta":[],"categories":[18],"tags":[],"_links":{"self":[{"href":"https:\/\/www.actualidadadiario.com\/index.php\/wp-json\/wp\/v2\/posts\/14268"}],"collection":[{"href":"https:\/\/www.actualidadadiario.com\/index.php\/wp-json\/wp\/v2\/posts"}],"about":[{"href":"https:\/\/www.actualidadadiario.com\/index.php\/wp-json\/wp\/v2\/types\/post"}],"author":[{"embeddable":true,"href":"https:\/\/www.actualidadadiario.com\/index.php\/wp-json\/wp\/v2\/users\/3"}],"replies":[{"embeddable":true,"href":"https:\/\/www.actualidadadiario.com\/index.php\/wp-json\/wp\/v2\/comments?post=14268"}],"version-history":[{"count":1,"href":"https:\/\/www.actualidadadiario.com\/index.php\/wp-json\/wp\/v2\/posts\/14268\/revisions"}],"predecessor-version":[{"id":14270,"href":"https:\/\/www.actualidadadiario.com\/index.php\/wp-json\/wp\/v2\/posts\/14268\/revisions\/14270"}],"wp:featuredmedia":[{"embeddable":true,"href":"https:\/\/www.actualidadadiario.com\/index.php\/wp-json\/wp\/v2\/media\/14269"}],"wp:attachment":[{"href":"https:\/\/www.actualidadadiario.com\/index.php\/wp-json\/wp\/v2\/media?parent=14268"}],"wp:term":[{"taxonomy":"category","embeddable":true,"href":"https:\/\/www.actualidadadiario.com\/index.php\/wp-json\/wp\/v2\/categories?post=14268"},{"taxonomy":"post_tag","embeddable":true,"href":"https:\/\/www.actualidadadiario.com\/index.php\/wp-json\/wp\/v2\/tags?post=14268"}],"curies":[{"name":"wp","href":"https:\/\/api.w.org\/{rel}","templated":true}]}}