{"id":14265,"date":"2017-07-11T11:38:48","date_gmt":"2017-07-11T14:38:48","guid":{"rendered":"http:\/\/actualidadadiario.com\/site\/?p=14265"},"modified":"2017-07-11T11:38:48","modified_gmt":"2017-07-11T14:38:48","slug":"pena-acumula-mas-poder-en-la-jefatura-de-gabinete-y-absorbe-el-area-de-la-enacom","status":"publish","type":"post","link":"https:\/\/www.actualidadadiario.com\/index.php\/2017\/07\/11\/pena-acumula-mas-poder-en-la-jefatura-de-gabinete-y-absorbe-el-area-de-la-enacom\/","title":{"rendered":"Pe\u00f1a acumula m\u00e1s poder en la Jefatura de Gabinete y absorbe el \u00e1rea de la Enacom"},"content":{"rendered":"<p><em><strong>Se disuelve el Ministerio de Comunicaciones; Pe\u00f1a e Ibarra absorber\u00e1n sus dependencias. El estrat\u00e9gico Enacom pasar\u00eda a la \u00f3rbita del jefe de Gabinete<\/strong><\/em><\/p>\n<p>&nbsp;<\/p>\n<p>&nbsp;<\/p>\n<p>&nbsp;<\/p>\n<p>La idea de achicar el n\u00famero de ministerios finalmente se implantar\u00e1 en los pr\u00f3ximos d\u00edas. La Casa Rosada ya tom\u00f3 la decisi\u00f3n de eliminar una de las 22 carteras que forman parte del gabinete.<\/p>\n<p>&nbsp;<\/p>\n<p>A partir de la pr\u00f3xima semana dejar\u00eda de funcionar el Ministerio de Comunicaciones que conduce Oscar Aguad y pasar\u00eda a la \u00f3rbita del Ministerio de Modernizaci\u00f3n, a cargo de Andr\u00e9s Ibarra.<\/p>\n<p>&nbsp;<\/p>\n<p>&#8220;Deja de ser ministerio&#8221;, se\u00f1al\u00f3 a BAE Negocios una fuente gubernamental sobre la cartera creada por la gesti\u00f3n de Mauricio Macri el 10 de diciembre de 2015. El ministerio pasar\u00eda a ser una secretar\u00eda, aunque todav\u00eda no est\u00e1 definido a cargo de quien quedar\u00e1.<\/p>\n<p>&nbsp;<\/p>\n<p>El pase de Comunicaciones generar\u00e1 una fuerte disputa por los organismos que actualmente maneja la cartera, con dudas hacia donde migrar\u00e1n. La mayor inc\u00f3gnita es el Ente Nacional de Comunicaciones (Enacom) dirigido por Miguel de Godoy, el organismo controlador de medios creado mediante un decreto de necesidad y urgencia para eliminar a la Autoridad Federal de Servicios de Comunicaci\u00f3n Federal (Afsca) del kirchnerismo. La Enacom es la estructura m\u00e1s grande de Comunicaciones, y podr\u00eda quedar en manos de la Jefatura de Gabinete que conduce Marcos Pe\u00f1a, lo que le dar\u00eda m\u00e1s poder dentro de la estructura de gabinete. La Enacom es la encargada de la redacci\u00f3n de una nueva ley de medios. Otra de las opciones es que se traslade a Modernizaci\u00f3n.<\/p>\n<p>&nbsp;<\/p>\n<p>Ibarra pasar\u00eda a cumplir un rol de s\u00faper ministro. La secretar\u00eda de Tecnolog\u00edas de la Informaci\u00f3n y las Comunicaciones (TIC), a cargo de por H\u00e9ctor Huici, ir\u00e1 a Modernizaci\u00f3n, y el mismo destino podr\u00eda seguir la empresa estatal Arsat. Sobre esta \u00faltima, que funciona como un ente aut\u00e1rquico, hay muchas dudas dentro del Gobierno.&#8221;Hay varias cuestiones a\u00fan no resueltas sobre c\u00f3mo se dividir\u00e1 Comunicaciones&#8221;, resalt\u00f3 un funcionario nacional. El Correo Argentino, dependiente del Ministerio de Comunicaciones, quedar\u00eda en manos de Modernizaci\u00f3n.<\/p>\n<p>&nbsp;<\/p>\n<p>Los rumores sobre los cambios en el gabinete se hicieron m\u00e1s fuertes cuando Cambiemos anunci\u00f3 la elecci\u00f3n de algunos ministros para competir en las listas de las pr\u00f3ximas elecciones. El 28 de junio, el Gobierno confirm\u00f3 que Esteban Bullrich, Julio Mart\u00ednez y Jos\u00e9 Cano, dejar\u00e1n sus cargos el 14 de julio, fecha en la que arranca la campa\u00f1a electoral. Los tres competir\u00e1n por una banca en el Congreso, y dejar\u00e1n los puestos a los que asumieron en 2015. El caso de Bullrich, precandidato a senador por la provincia de Buenos Aires, renunciar\u00e1 al ministerio de Educaci\u00f3n de la Naci\u00f3n. Su lugar ser\u00e1 ocupado por Alejandro Finocchiro, actual titular de educaci\u00f3n bonaerense.<\/p>\n<p>&nbsp;<\/p>\n<p>Mart\u00ednez dejar\u00e1 el ministerio de Defensa en manos de otro radical, Oscar Aguad. Mientras que el Plan Belgrano, a cargo de Cano, candidato a diputado por Tucum\u00e1n, seguir\u00e1 en el rango de ministerio, manejado por Carlos Vignolo, ministro secretario General de la gobernaci\u00f3n de Corrientes. &#8220;Tiene que ser uno de la zona. No quieren bajar esa condici\u00f3n. Es muy bueno en forma operativa&#8221;, explicaron en Balcarce 50 sobre la decisi\u00f3n de la elecci\u00f3n del correntino.<\/p>\n<p>&nbsp;<\/p>\n<p>Los cambios saldr\u00e1n por decreto entre el viernes y el lunes pr\u00f3ximo. La semana que viene llegar\u00e1n los nombramientos, aunque a\u00fan no est\u00e1 definida la fecha.<\/p>\n","protected":false},"excerpt":{"rendered":"<p>Se disuelve el Ministerio de Comunicaciones; Pe\u00f1a e Ibarra absorber\u00e1n sus dependencias. El estrat\u00e9gico Enacom pasar\u00eda a la \u00f3rbita del jefe de Gabinete &nbsp; &nbsp; &nbsp; La idea de achicar el n\u00famero de ministerios finalmente se implantar\u00e1 en los pr\u00f3ximos d\u00edas. La Casa Rosada ya tom\u00f3 la decisi\u00f3n de eliminar una de las 22 carteras que forman parte del gabinete. &nbsp; A partir de la pr\u00f3xima semana dejar\u00eda de funcionar el Ministerio de Comunicaciones que conduce Oscar Aguad y pasar\u00eda a la \u00f3rbita del Ministerio de Modernizaci\u00f3n, a cargo de&#8230;<\/p>\n","protected":false},"author":3,"featured_media":14266,"comment_status":"closed","ping_status":"closed","sticky":false,"template":"","format":"standard","meta":[],"categories":[18],"tags":[],"_links":{"self":[{"href":"https:\/\/www.actualidadadiario.com\/index.php\/wp-json\/wp\/v2\/posts\/14265"}],"collection":[{"href":"https:\/\/www.actualidadadiario.com\/index.php\/wp-json\/wp\/v2\/posts"}],"about":[{"href":"https:\/\/www.actualidadadiario.com\/index.php\/wp-json\/wp\/v2\/types\/post"}],"author":[{"embeddable":true,"href":"https:\/\/www.actualidadadiario.com\/index.php\/wp-json\/wp\/v2\/users\/3"}],"replies":[{"embeddable":true,"href":"https:\/\/www.actualidadadiario.com\/index.php\/wp-json\/wp\/v2\/comments?post=14265"}],"version-history":[{"count":1,"href":"https:\/\/www.actualidadadiario.com\/index.php\/wp-json\/wp\/v2\/posts\/14265\/revisions"}],"predecessor-version":[{"id":14267,"href":"https:\/\/www.actualidadadiario.com\/index.php\/wp-json\/wp\/v2\/posts\/14265\/revisions\/14267"}],"wp:featuredmedia":[{"embeddable":true,"href":"https:\/\/www.actualidadadiario.com\/index.php\/wp-json\/wp\/v2\/media\/14266"}],"wp:attachment":[{"href":"https:\/\/www.actualidadadiario.com\/index.php\/wp-json\/wp\/v2\/media?parent=14265"}],"wp:term":[{"taxonomy":"category","embeddable":true,"href":"https:\/\/www.actualidadadiario.com\/index.php\/wp-json\/wp\/v2\/categories?post=14265"},{"taxonomy":"post_tag","embeddable":true,"href":"https:\/\/www.actualidadadiario.com\/index.php\/wp-json\/wp\/v2\/tags?post=14265"}],"curies":[{"name":"wp","href":"https:\/\/api.w.org\/{rel}","templated":true}]}}