{"id":14260,"date":"2017-07-11T11:36:45","date_gmt":"2017-07-11T14:36:45","guid":{"rendered":"http:\/\/actualidadadiario.com\/site\/?p=14260"},"modified":"2017-07-11T11:36:45","modified_gmt":"2017-07-11T14:36:45","slug":"garavano-defiende-en-el-senado-el-proyecto-de-responsabilidad-penal-empresaria","status":"publish","type":"post","link":"https:\/\/www.actualidadadiario.com\/index.php\/2017\/07\/11\/garavano-defiende-en-el-senado-el-proyecto-de-responsabilidad-penal-empresaria\/","title":{"rendered":"Garavano defiende en el Senado el proyecto de responsabilidad penal empresaria"},"content":{"rendered":"<p><em><strong>El ministro de Justicia de la Naci\u00f3n, Germ\u00e1n Garavano, asistir\u00e1 a la reuni\u00f3n de la Comisi\u00f3n de Justicia y Seguridad de la C\u00e1mara de Senadores para defender el proyecto de ley sobre responsabilidad penal empresaria que la semana pasada fue aprobada en la C\u00e1mara de Diputados<\/strong><\/em><\/p>\n<p>&nbsp;<\/p>\n<p>&nbsp;<\/p>\n<p>&nbsp;<\/p>\n<p>&nbsp;<\/p>\n<p>La reuni\u00f3n se realizar\u00e1 desde las 15.30 en el Sal\u00f3n Illia del Palacio Legislativo.<\/p>\n<p>&nbsp;<\/p>\n<p>Fuentes de la Comisi\u00f3n indicaron que Garavano tambi\u00e9n se referir\u00e1 al proyecto sobre Juicio en Ausencia, impulsado por el titular de la Unidad Especial de Investigaci\u00f3n del Atentado a la AMIA, Mario Cimadevilla, y que lleva la firma del senador peronista por Chubut Mario Pais.<\/p>\n<p>&nbsp;<\/p>\n<p>La iniciativa para penalizar la corrupci\u00f3n empresaria considera a ese delito como imprescriptible, equipar\u00e1ndolo con los de lesa humanidad.<\/p>\n<p>&nbsp;<\/p>\n<p>La C\u00e1mara de Diputados, al sancionar el proyecto, elimin\u00f3 un art\u00edculo defendido por Cambiemos que posibilitaba obtener informaci\u00f3n sobre hechos previos a la sanci\u00f3n de la ley, como con el caso Odebrecht.<\/p>\n<p>&nbsp;<\/p>\n<p>El proyecto sobre Juicio en Ausencia, en tanto, propone incorporar al sistema jur\u00eddico argentino el juzgamiento sin los acusados de delitos previstos en los tratados internacionales, como los cr\u00edmenes de lesa humanidad.<\/p>\n","protected":false},"excerpt":{"rendered":"<p>El ministro de Justicia de la Naci\u00f3n, Germ\u00e1n Garavano, asistir\u00e1 a la reuni\u00f3n de la Comisi\u00f3n de Justicia y Seguridad de la C\u00e1mara de Senadores para defender el proyecto de ley sobre responsabilidad penal empresaria que la semana pasada fue aprobada en la C\u00e1mara de Diputados &nbsp; &nbsp; &nbsp; &nbsp; La reuni\u00f3n se realizar\u00e1 desde las 15.30 en el Sal\u00f3n Illia del Palacio Legislativo. &nbsp; Fuentes de la Comisi\u00f3n indicaron que Garavano tambi\u00e9n se referir\u00e1 al proyecto sobre Juicio en Ausencia, impulsado por el titular de la Unidad Especial de&#8230;<\/p>\n","protected":false},"author":3,"featured_media":14261,"comment_status":"closed","ping_status":"closed","sticky":false,"template":"","format":"standard","meta":[],"categories":[18],"tags":[],"_links":{"self":[{"href":"https:\/\/www.actualidadadiario.com\/index.php\/wp-json\/wp\/v2\/posts\/14260"}],"collection":[{"href":"https:\/\/www.actualidadadiario.com\/index.php\/wp-json\/wp\/v2\/posts"}],"about":[{"href":"https:\/\/www.actualidadadiario.com\/index.php\/wp-json\/wp\/v2\/types\/post"}],"author":[{"embeddable":true,"href":"https:\/\/www.actualidadadiario.com\/index.php\/wp-json\/wp\/v2\/users\/3"}],"replies":[{"embeddable":true,"href":"https:\/\/www.actualidadadiario.com\/index.php\/wp-json\/wp\/v2\/comments?post=14260"}],"version-history":[{"count":1,"href":"https:\/\/www.actualidadadiario.com\/index.php\/wp-json\/wp\/v2\/posts\/14260\/revisions"}],"predecessor-version":[{"id":14262,"href":"https:\/\/www.actualidadadiario.com\/index.php\/wp-json\/wp\/v2\/posts\/14260\/revisions\/14262"}],"wp:featuredmedia":[{"embeddable":true,"href":"https:\/\/www.actualidadadiario.com\/index.php\/wp-json\/wp\/v2\/media\/14261"}],"wp:attachment":[{"href":"https:\/\/www.actualidadadiario.com\/index.php\/wp-json\/wp\/v2\/media?parent=14260"}],"wp:term":[{"taxonomy":"category","embeddable":true,"href":"https:\/\/www.actualidadadiario.com\/index.php\/wp-json\/wp\/v2\/categories?post=14260"},{"taxonomy":"post_tag","embeddable":true,"href":"https:\/\/www.actualidadadiario.com\/index.php\/wp-json\/wp\/v2\/tags?post=14260"}],"curies":[{"name":"wp","href":"https:\/\/api.w.org\/{rel}","templated":true}]}}