{"id":14244,"date":"2017-07-11T11:31:12","date_gmt":"2017-07-11T14:31:12","guid":{"rendered":"http:\/\/actualidadadiario.com\/site\/?p=14244"},"modified":"2017-07-11T11:31:12","modified_gmt":"2017-07-11T14:31:12","slug":"indec-da-a-conocer-hoy-el-nuevo-indice-de-inflacion-nacional","status":"publish","type":"post","link":"https:\/\/www.actualidadadiario.com\/index.php\/2017\/07\/11\/indec-da-a-conocer-hoy-el-nuevo-indice-de-inflacion-nacional\/","title":{"rendered":"INDEC da a conocer hoy el nuevo \u00edndice de inflaci\u00f3n nacional"},"content":{"rendered":"<p><em><strong>Junto con la inflaci\u00f3n correspondiente a junio, el Instituto Nacional de Estad\u00edstica y Censos (INDEC) que maneja Jorge Todesca, presentar\u00e1 hoy el nuevo indicador de precios minoristas con cobertura nacional, que medir\u00e1 39 ciudades del pa\u00eds y tendr\u00e1 nuevos cap\u00edtulos para adecuarlo a normas internacionales de estad\u00edstica<\/strong><\/em><\/p>\n<p>&nbsp;<\/p>\n<p>&nbsp;<\/p>\n<p>&nbsp;<\/p>\n<p>&nbsp;<\/p>\n<p>&nbsp;<\/p>\n<p>El indicador ser\u00e1 presentado en una conferencia de prensa que estar\u00e1 a cargo del titular del organismo, que se realizar\u00e1 a las 16 en el sal\u00f3n Eva Per\u00f3n del INDEC, en avenida Julio A. Roca 609, segundo piso.<\/p>\n<p>&nbsp;<\/p>\n<p>El Gobierno difundir\u00e1 la inflaci\u00f3n correspondiente a junio, esperando que se convierta en el indicador m\u00e1s bajo del a\u00f1o. Desde el Palacio de Hacienda se espera que el alza de los precios minoristas se ubique cerca del 1,2% (o menor), un porcentaje inferior del 1,3% de enero, 2,5% de febrero, 2,4% de marzo, 2,6% de abril y 1,3% de mayo.<\/p>\n<p>&nbsp;<\/p>\n<p>La intenci\u00f3n oficial es poder plantear que el acumulado anual se ubica, aunque sea levemente, por debajo del 12%; y que ya se podr\u00e1 hablar de un alza inflacionaria para el 2017 por debajo del 24%. Los datos de junio, espera el ministerio de Hacienda de Nicol\u00e1s Dujovne, deber\u00edan plantear el panorama m\u00e1s optimista en lo que va del a\u00f1o. Luego, cuando llegue julio, ser\u00e1 el momento de dar resultados m\u00e1s negativos y de explicar otras realidades. Para este mes se espera un alza de aproximadamente 2%.<\/p>\n<p>&nbsp;<\/p>\n<p>Por su parte, el nuevo \u00cdndice de Precios al Consumidor (IPC) se elabora sobre la base de un relevamiento realizado por el INDEC con las Direcciones Provinciales de Estad\u00edstica (DPE) en 39 aglomerados urbanos de todas las jurisdicciones del pa\u00eds.<\/p>\n<p>&nbsp;<\/p>\n<p>Sus resultados se presentan y desagregan a nivel nacional, en base a las seis regiones estad\u00edsticas: Gran Buenos Aires, Cuyo, Noreste, Noroeste, Pampeana y Patag\u00f3nica.<\/p>\n<p>&nbsp;<\/p>\n<p>Hasta ahora, varias provincias elaboraban sus propios \u00edndices de inflaci\u00f3n a ra\u00edz de que no confiaban en los c\u00e1lculos del INDEC mientras estuvo conducido bajo \u00f3rdenes del exsecretario de Comercio interior, Guillermo Moreno.<\/p>\n<p>&nbsp;<\/p>\n<p>Por caso, el IPC de la Ciudad de Buenos Aires arroj\u00f3 una inflaci\u00f3n de 1,8% en mayo. Apenas debajo estuvo el San Luis con 1,7%. C\u00f3rdoba, en cambio, mostr\u00f3 un comportamiento m\u00e1s moderado con 1,37%. Por su parte, el \u00edndice m\u00e1s bajo fue el de Mendoza en junio, que marc\u00f3 s\u00f3lo 0,8%.<\/p>\n<p>&nbsp;<\/p>\n<p>Entre el resto de los \u00edndices paralelos al del INDEC, ayer se conoci\u00f3 la Inflaci\u00f3n Congreso, que presentan los legisladores en funci\u00f3n de hacer un promedio de lo que relevan las consultoras privadas, y arroj\u00f3 una suba en junio de 1,3%. En tanto que de acuerdo a el Observatorio de Datos Econ\u00f3micos y Sociales de la CGT fue de 1,8% para el mismo mes.<\/p>\n<p>&nbsp;<\/p>\n<p>El indicador contendr\u00e1 una medici\u00f3n de precios nacional y otras subdivididas por regiones con la misma estructura de gastos que el actual IPC. Los nuevos cap\u00edtulos ser\u00e1n: 1) Alimentos y bebidas no alcoh\u00f3licas, 2) Bebidas Alcoh\u00f3licas y Tabaco, 3) Prendas de vestir y Calzado, 4) Vivienda, agua, electricidad y otros combustibles, 5) Equipamiento y mantenimiento del hogar, 6) Salud, 7) Transporte, 8) Comunicaciones, 9) Recreaci\u00f3n y Cultura, 10) Educaci\u00f3n, 11) Restaurantes y Hoteles y 12) Bienes y Servicios Varios.<\/p>\n<p>&nbsp;<\/p>\n<p>&nbsp;<\/p>\n<p><strong>Normas internacionales<\/strong><\/p>\n<p>El indicador se adaptar\u00e1 a las normas internacionales que establecen la Organizaci\u00f3n de las Naciones Unidas y la Organizaci\u00f3n para el Comercio y Desarrollo (OCDE) de mediciones de consumo y precios.<\/p>\n<p>&nbsp;<\/p>\n<p>Adem\u00e1s de las 23 ciudades capitales de provincia el relevamiento incluir\u00e1 a las ciudades de Mar del Plata, Bah\u00eda Blanca, Z\u00e1rate, Campana, Tandil, R\u00edo Cuarto, Villa Mar\u00eda, Concordia, Rosario, Rafaela, Or\u00e1n, Presidencia Roque S\u00e1enz Pe\u00f1a, San Rafael, Comodoro Rivadavia, Puerto Madryn y R\u00edo Grande.<\/p>\n","protected":false},"excerpt":{"rendered":"<p>Junto con la inflaci\u00f3n correspondiente a junio, el Instituto Nacional de Estad\u00edstica y Censos (INDEC) que maneja Jorge Todesca, presentar\u00e1 hoy el nuevo indicador de precios minoristas con cobertura nacional, que medir\u00e1 39 ciudades del pa\u00eds y tendr\u00e1 nuevos cap\u00edtulos para adecuarlo a normas internacionales de estad\u00edstica &nbsp; &nbsp; &nbsp; &nbsp; &nbsp; El indicador ser\u00e1 presentado en una conferencia de prensa que estar\u00e1 a cargo del titular del organismo, que se realizar\u00e1 a las 16 en el sal\u00f3n Eva Per\u00f3n del INDEC, en avenida Julio A. Roca 609, segundo piso&#8230;.<\/p>\n","protected":false},"author":3,"featured_media":14245,"comment_status":"closed","ping_status":"closed","sticky":false,"template":"","format":"standard","meta":[],"categories":[2],"tags":[],"_links":{"self":[{"href":"https:\/\/www.actualidadadiario.com\/index.php\/wp-json\/wp\/v2\/posts\/14244"}],"collection":[{"href":"https:\/\/www.actualidadadiario.com\/index.php\/wp-json\/wp\/v2\/posts"}],"about":[{"href":"https:\/\/www.actualidadadiario.com\/index.php\/wp-json\/wp\/v2\/types\/post"}],"author":[{"embeddable":true,"href":"https:\/\/www.actualidadadiario.com\/index.php\/wp-json\/wp\/v2\/users\/3"}],"replies":[{"embeddable":true,"href":"https:\/\/www.actualidadadiario.com\/index.php\/wp-json\/wp\/v2\/comments?post=14244"}],"version-history":[{"count":1,"href":"https:\/\/www.actualidadadiario.com\/index.php\/wp-json\/wp\/v2\/posts\/14244\/revisions"}],"predecessor-version":[{"id":14246,"href":"https:\/\/www.actualidadadiario.com\/index.php\/wp-json\/wp\/v2\/posts\/14244\/revisions\/14246"}],"wp:featuredmedia":[{"embeddable":true,"href":"https:\/\/www.actualidadadiario.com\/index.php\/wp-json\/wp\/v2\/media\/14245"}],"wp:attachment":[{"href":"https:\/\/www.actualidadadiario.com\/index.php\/wp-json\/wp\/v2\/media?parent=14244"}],"wp:term":[{"taxonomy":"category","embeddable":true,"href":"https:\/\/www.actualidadadiario.com\/index.php\/wp-json\/wp\/v2\/categories?post=14244"},{"taxonomy":"post_tag","embeddable":true,"href":"https:\/\/www.actualidadadiario.com\/index.php\/wp-json\/wp\/v2\/tags?post=14244"}],"curies":[{"name":"wp","href":"https:\/\/api.w.org\/{rel}","templated":true}]}}